{"id":14977,"date":"2026-09-01T07:50:49","date_gmt":"2026-09-01T07:50:49","guid":{"rendered":"https:\/\/swietyjerzy.elblag.pl\/?p=14977"},"modified":"2026-09-01T07:50:49","modified_gmt":"2026-09-01T07:50:49","slug":"msza-szkolna","status":"publish","type":"post","link":"https:\/\/swietyjerzy.elblag.pl\/index.php\/2026\/09\/01\/msza-szkolna\/","title":{"rendered":"MSZA SZKOLNA"},"content":{"rendered":"\n<p class=\"wp-block-paragraph\">Na rozpocz\u0119cie nowego roku nauki. W naszym ko\u015bciele. Stowarzyszenie Przyjaci\u00f3\u0142 Szk\u00f3\u0142 Katolickich z ul. Saper\u00f3w. Przej\u0119ci &#8211; dzieci i rodzice. Kompetentni i zaanga\u017cowani nauczyciele. Ksi\u0119\u017ca i katecheci. Wszyscy rozmodleni, szukaj\u0105cy Bo\u017cych inspiracji i duchowego wsparcia.<\/p>\n","protected":false},"excerpt":{"rendered":"<p>Na rozpocz\u0119cie nowego roku nauki. W naszym ko\u015bciele. Stowarzyszenie Przyjaci\u00f3\u0142 Szk\u00f3\u0142 Katolickich z ul. Saper\u00f3w. Przej\u0119ci &#8211;&#8230;<\/p>\n","protected":false},"author":2,"featured_media":14978,"comment_status":"open","ping_status":"open","sticky":false,"template":"","format":"standard","meta":{"_tbt_post_transparent":"","_tbt_post_title":"","_tbt_post_layout":"","_tbt_post_sidebar_id":"","_tbt_post_content_style":"","_tbt_post_vertical_padding":"","_tbt_post_feature":"","_tbt_post_feature_position":"","_tbt_post_header":false,"_tbt_post_footer":false},"categories":[34],"tags":[],"class_list":["post-14977","post","type-post","status-publish","format-standard","has-post-thumbnail","hentry","category-aktualnosci"],"_links":{"self":[{"href":"https:\/\/swietyjerzy.elblag.pl\/index.php\/wp-json\/wp\/v2\/posts\/14977","targetHints":{"allow":["GET"]}}],"collection":[{"href":"https:\/\/swietyjerzy.elblag.pl\/index.php\/wp-json\/wp\/v2\/posts"}],"about":[{"href":"https:\/\/swietyjerzy.elblag.pl\/index.php\/wp-json\/wp\/v2\/types\/post"}],"author":[{"embeddable":true,"href":"https:\/\/swietyjerzy.elblag.pl\/index.php\/wp-json\/wp\/v2\/users\/2"}],"replies":[{"embeddable":true,"href":"https:\/\/swietyjerzy.elblag.pl\/index.php\/wp-json\/wp\/v2\/comments?post=14977"}],"version-history":[{"count":1,"href":"https:\/\/swietyjerzy.elblag.pl\/index.php\/wp-json\/wp\/v2\/posts\/14977\/revisions"}],"predecessor-version":[{"id":14979,"href":"https:\/\/swietyjerzy.elblag.pl\/index.php\/wp-json\/wp\/v2\/posts\/14977\/revisions\/14979"}],"wp:featuredmedia":[{"embeddable":true,"href":"https:\/\/swietyjerzy.elblag.pl\/index.php\/wp-json\/wp\/v2\/media\/14978"}],"wp:attachment":[{"href":"https:\/\/swietyjerzy.elblag.pl\/index.php\/wp-json\/wp\/v2\/media?parent=14977"}],"wp:term":[{"taxonomy":"category","embeddable":true,"href":"https:\/\/swietyjerzy.elblag.pl\/index.php\/wp-json\/wp\/v2\/categories?post=14977"},{"taxonomy":"post_tag","embeddable":true,"href":"https:\/\/swietyjerzy.elblag.pl\/index.php\/wp-json\/wp\/v2\/tags?post=14977"}],"curies":[{"name":"wp","href":"https:\/\/api.w.org\/{rel}","templated":true}]}}