{"id":14846,"date":"2026-04-26T13:51:53","date_gmt":"2026-04-26T13:51:53","guid":{"rendered":"https:\/\/swietyjerzy.elblag.pl\/?p=14846"},"modified":"2026-04-26T13:51:53","modified_gmt":"2026-04-26T13:51:53","slug":"z-portugalski-jezykiem","status":"publish","type":"post","link":"https:\/\/swietyjerzy.elblag.pl\/index.php\/2026\/04\/26\/z-portugalski-jezykiem\/","title":{"rendered":"Z PORTUGALSKI J\u0118ZYKIEM"},"content":{"rendered":"\n<p>Ci\u0105g dalszy. Tyle, \u017ce w wydaniu brazylijskim. Dzisiaj jeden z chrzt\u00f3w by\u0142 efektem mi\u0142o\u015bci polsko-brazylijskiej. Na imi\u0119 ma Lucca-Gabriel. Jego brazylijska chrzestna przylecia\u0142a z Anglii. Serdeczne pozdrowienia tak\u017ce dla ochrzczonej Amelii. &nbsp;&nbsp;<\/p>\n","protected":false},"excerpt":{"rendered":"<p>Ci\u0105g dalszy. Tyle, \u017ce w wydaniu brazylijskim. Dzisiaj jeden z chrzt\u00f3w by\u0142 efektem mi\u0142o\u015bci polsko-brazylijskiej. Na imi\u0119&#8230;<\/p>\n","protected":false},"author":2,"featured_media":14847,"comment_status":"open","ping_status":"open","sticky":false,"template":"","format":"standard","meta":{"_tbt_post_transparent":"","_tbt_post_title":"","_tbt_post_layout":"","_tbt_post_sidebar_id":"","_tbt_post_content_style":"","_tbt_post_vertical_padding":"","_tbt_post_feature":"","_tbt_post_feature_position":"","_tbt_post_header":false,"_tbt_post_footer":false},"categories":[34],"tags":[],"class_list":["post-14846","post","type-post","status-publish","format-standard","has-post-thumbnail","hentry","category-aktualnosci"],"_links":{"self":[{"href":"https:\/\/swietyjerzy.elblag.pl\/index.php\/wp-json\/wp\/v2\/posts\/14846","targetHints":{"allow":["GET"]}}],"collection":[{"href":"https:\/\/swietyjerzy.elblag.pl\/index.php\/wp-json\/wp\/v2\/posts"}],"about":[{"href":"https:\/\/swietyjerzy.elblag.pl\/index.php\/wp-json\/wp\/v2\/types\/post"}],"author":[{"embeddable":true,"href":"https:\/\/swietyjerzy.elblag.pl\/index.php\/wp-json\/wp\/v2\/users\/2"}],"replies":[{"embeddable":true,"href":"https:\/\/swietyjerzy.elblag.pl\/index.php\/wp-json\/wp\/v2\/comments?post=14846"}],"version-history":[{"count":1,"href":"https:\/\/swietyjerzy.elblag.pl\/index.php\/wp-json\/wp\/v2\/posts\/14846\/revisions"}],"predecessor-version":[{"id":14848,"href":"https:\/\/swietyjerzy.elblag.pl\/index.php\/wp-json\/wp\/v2\/posts\/14846\/revisions\/14848"}],"wp:featuredmedia":[{"embeddable":true,"href":"https:\/\/swietyjerzy.elblag.pl\/index.php\/wp-json\/wp\/v2\/media\/14847"}],"wp:attachment":[{"href":"https:\/\/swietyjerzy.elblag.pl\/index.php\/wp-json\/wp\/v2\/media?parent=14846"}],"wp:term":[{"taxonomy":"category","embeddable":true,"href":"https:\/\/swietyjerzy.elblag.pl\/index.php\/wp-json\/wp\/v2\/categories?post=14846"},{"taxonomy":"post_tag","embeddable":true,"href":"https:\/\/swietyjerzy.elblag.pl\/index.php\/wp-json\/wp\/v2\/tags?post=14846"}],"curies":[{"name":"wp","href":"https:\/\/api.w.org\/{rel}","templated":true}]}}