{"id":14841,"date":"2026-04-25T15:16:16","date_gmt":"2026-04-25T15:16:16","guid":{"rendered":"https:\/\/swietyjerzy.elblag.pl\/?p=14841"},"modified":"2026-04-25T15:16:17","modified_gmt":"2026-04-25T15:16:17","slug":"slub-polsko-portugalski","status":"publish","type":"post","link":"https:\/\/swietyjerzy.elblag.pl\/index.php\/2026\/04\/25\/slub-polsko-portugalski\/","title":{"rendered":"\u015aLUB POLSKO-PORTUGALSKI"},"content":{"rendered":"\n<p>I jeszcze troch\u0119 szkocki (bo tam si\u0119 poznali) i irlandzki (bo tam pracuj\u0105 i \u017cyj\u0105). Beatriz i Przemys\u0142aw. By\u0142o serdecznie i klasycznie. Trzeba by\u0142o troch\u0119 czeka\u0107 na pann\u0119 m\u0142od\u0105. Za to wej\u015bcie mia\u0142a imponuj\u0105ce. Jak takie rzeczy, to tylko u nas.<\/p>\n","protected":false},"excerpt":{"rendered":"<p>I jeszcze troch\u0119 szkocki (bo tam si\u0119 poznali) i irlandzki (bo tam pracuj\u0105 i \u017cyj\u0105). Beatriz i&#8230;<\/p>\n","protected":false},"author":2,"featured_media":14842,"comment_status":"open","ping_status":"open","sticky":false,"template":"","format":"standard","meta":{"_tbt_post_transparent":"","_tbt_post_title":"","_tbt_post_layout":"","_tbt_post_sidebar_id":"","_tbt_post_content_style":"","_tbt_post_vertical_padding":"","_tbt_post_feature":"","_tbt_post_feature_position":"","_tbt_post_header":false,"_tbt_post_footer":false},"categories":[34],"tags":[],"class_list":["post-14841","post","type-post","status-publish","format-standard","has-post-thumbnail","hentry","category-aktualnosci"],"_links":{"self":[{"href":"https:\/\/swietyjerzy.elblag.pl\/index.php\/wp-json\/wp\/v2\/posts\/14841","targetHints":{"allow":["GET"]}}],"collection":[{"href":"https:\/\/swietyjerzy.elblag.pl\/index.php\/wp-json\/wp\/v2\/posts"}],"about":[{"href":"https:\/\/swietyjerzy.elblag.pl\/index.php\/wp-json\/wp\/v2\/types\/post"}],"author":[{"embeddable":true,"href":"https:\/\/swietyjerzy.elblag.pl\/index.php\/wp-json\/wp\/v2\/users\/2"}],"replies":[{"embeddable":true,"href":"https:\/\/swietyjerzy.elblag.pl\/index.php\/wp-json\/wp\/v2\/comments?post=14841"}],"version-history":[{"count":1,"href":"https:\/\/swietyjerzy.elblag.pl\/index.php\/wp-json\/wp\/v2\/posts\/14841\/revisions"}],"predecessor-version":[{"id":14843,"href":"https:\/\/swietyjerzy.elblag.pl\/index.php\/wp-json\/wp\/v2\/posts\/14841\/revisions\/14843"}],"wp:featuredmedia":[{"embeddable":true,"href":"https:\/\/swietyjerzy.elblag.pl\/index.php\/wp-json\/wp\/v2\/media\/14842"}],"wp:attachment":[{"href":"https:\/\/swietyjerzy.elblag.pl\/index.php\/wp-json\/wp\/v2\/media?parent=14841"}],"wp:term":[{"taxonomy":"category","embeddable":true,"href":"https:\/\/swietyjerzy.elblag.pl\/index.php\/wp-json\/wp\/v2\/categories?post=14841"},{"taxonomy":"post_tag","embeddable":true,"href":"https:\/\/swietyjerzy.elblag.pl\/index.php\/wp-json\/wp\/v2\/tags?post=14841"}],"curies":[{"name":"wp","href":"https:\/\/api.w.org\/{rel}","templated":true}]}}