{"id":14792,"date":"2026-03-13T04:46:45","date_gmt":"2026-03-13T04:46:45","guid":{"rendered":"https:\/\/swietyjerzy.elblag.pl\/?p=14792"},"modified":"2026-03-13T04:46:46","modified_gmt":"2026-03-13T04:46:46","slug":"policzyli-nas","status":"publish","type":"post","link":"https:\/\/swietyjerzy.elblag.pl\/index.php\/2026\/03\/13\/policzyli-nas\/","title":{"rendered":"POLICZYLI NAS"},"content":{"rendered":"\n<p>Wed\u0142ug Urz\u0119du Skarbowego jest nas 10&nbsp;678. Od takiej liczby p\u0142acimy podatki. W praktyce tylu nas na terenie parafii nie mieszka. Widzimy to przy okazji kol\u0119dy czy odwiedzaj\u0105c chorych. Wiele mieszka\u0144 jest pustych, wynajmowanych, opuszczonych. Za wszystkich \u2013 tych chodz\u0105cych i niechodz\u0105cych do ko\u015bcio\u0142a \u2013 dzi\u0119kujemy Bogu i pami\u0119tamy w trosce duszpasterskiej.<\/p>\n","protected":false},"excerpt":{"rendered":"<p>Wed\u0142ug Urz\u0119du Skarbowego jest nas 10&nbsp;678. Od takiej liczby p\u0142acimy podatki. W praktyce tylu nas na terenie&#8230;<\/p>\n","protected":false},"author":2,"featured_media":14793,"comment_status":"open","ping_status":"open","sticky":false,"template":"","format":"standard","meta":{"_tbt_post_transparent":"","_tbt_post_title":"","_tbt_post_layout":"","_tbt_post_sidebar_id":"","_tbt_post_content_style":"","_tbt_post_vertical_padding":"","_tbt_post_feature":"","_tbt_post_feature_position":"","_tbt_post_header":false,"_tbt_post_footer":false},"categories":[34],"tags":[],"class_list":["post-14792","post","type-post","status-publish","format-standard","has-post-thumbnail","hentry","category-aktualnosci"],"_links":{"self":[{"href":"https:\/\/swietyjerzy.elblag.pl\/index.php\/wp-json\/wp\/v2\/posts\/14792","targetHints":{"allow":["GET"]}}],"collection":[{"href":"https:\/\/swietyjerzy.elblag.pl\/index.php\/wp-json\/wp\/v2\/posts"}],"about":[{"href":"https:\/\/swietyjerzy.elblag.pl\/index.php\/wp-json\/wp\/v2\/types\/post"}],"author":[{"embeddable":true,"href":"https:\/\/swietyjerzy.elblag.pl\/index.php\/wp-json\/wp\/v2\/users\/2"}],"replies":[{"embeddable":true,"href":"https:\/\/swietyjerzy.elblag.pl\/index.php\/wp-json\/wp\/v2\/comments?post=14792"}],"version-history":[{"count":1,"href":"https:\/\/swietyjerzy.elblag.pl\/index.php\/wp-json\/wp\/v2\/posts\/14792\/revisions"}],"predecessor-version":[{"id":14794,"href":"https:\/\/swietyjerzy.elblag.pl\/index.php\/wp-json\/wp\/v2\/posts\/14792\/revisions\/14794"}],"wp:featuredmedia":[{"embeddable":true,"href":"https:\/\/swietyjerzy.elblag.pl\/index.php\/wp-json\/wp\/v2\/media\/14793"}],"wp:attachment":[{"href":"https:\/\/swietyjerzy.elblag.pl\/index.php\/wp-json\/wp\/v2\/media?parent=14792"}],"wp:term":[{"taxonomy":"category","embeddable":true,"href":"https:\/\/swietyjerzy.elblag.pl\/index.php\/wp-json\/wp\/v2\/categories?post=14792"},{"taxonomy":"post_tag","embeddable":true,"href":"https:\/\/swietyjerzy.elblag.pl\/index.php\/wp-json\/wp\/v2\/tags?post=14792"}],"curies":[{"name":"wp","href":"https:\/\/api.w.org\/{rel}","templated":true}]}}