{"id":14786,"date":"2026-03-07T09:45:36","date_gmt":"2026-03-07T09:45:36","guid":{"rendered":"https:\/\/swietyjerzy.elblag.pl\/?p=14786"},"modified":"2026-03-07T09:45:37","modified_gmt":"2026-03-07T09:45:37","slug":"posprzatane","status":"publish","type":"post","link":"https:\/\/swietyjerzy.elblag.pl\/index.php\/2026\/03\/07\/posprzatane\/","title":{"rendered":"POSPRZ\u0104TANE"},"content":{"rendered":"\n<p>Na prawie 49 tys. wej\u015b\u0107 na fecebooku o sprz\u0105taniu placu przy\u015bwi\u0105tynnego do sprz\u0105tania wok\u00f3\u0142 ko\u015bcio\u0142a zg\u0142osi\u0142o si\u0119 5 os\u00f3b. W tym \u017caden m\u0119\u017cczyzna. Zebrali\u015bmy 10 work\u00f3w ci\u0119\u017ckiego pisku, li\u015bci i odpad\u00f3w. Jest ju\u017c czysto. Dzi\u0119kujemy wszystkim za zaanga\u017cowanie.<\/p>\n","protected":false},"excerpt":{"rendered":"<p>Na prawie 49 tys. wej\u015b\u0107 na fecebooku o sprz\u0105taniu placu przy\u015bwi\u0105tynnego do sprz\u0105tania wok\u00f3\u0142 ko\u015bcio\u0142a zg\u0142osi\u0142o si\u0119&#8230;<\/p>\n","protected":false},"author":2,"featured_media":14787,"comment_status":"open","ping_status":"open","sticky":false,"template":"","format":"standard","meta":{"_tbt_post_transparent":"","_tbt_post_title":"","_tbt_post_layout":"","_tbt_post_sidebar_id":"","_tbt_post_content_style":"","_tbt_post_vertical_padding":"","_tbt_post_feature":"","_tbt_post_feature_position":"","_tbt_post_header":false,"_tbt_post_footer":false},"categories":[34],"tags":[],"class_list":["post-14786","post","type-post","status-publish","format-standard","has-post-thumbnail","hentry","category-aktualnosci"],"_links":{"self":[{"href":"https:\/\/swietyjerzy.elblag.pl\/index.php\/wp-json\/wp\/v2\/posts\/14786","targetHints":{"allow":["GET"]}}],"collection":[{"href":"https:\/\/swietyjerzy.elblag.pl\/index.php\/wp-json\/wp\/v2\/posts"}],"about":[{"href":"https:\/\/swietyjerzy.elblag.pl\/index.php\/wp-json\/wp\/v2\/types\/post"}],"author":[{"embeddable":true,"href":"https:\/\/swietyjerzy.elblag.pl\/index.php\/wp-json\/wp\/v2\/users\/2"}],"replies":[{"embeddable":true,"href":"https:\/\/swietyjerzy.elblag.pl\/index.php\/wp-json\/wp\/v2\/comments?post=14786"}],"version-history":[{"count":1,"href":"https:\/\/swietyjerzy.elblag.pl\/index.php\/wp-json\/wp\/v2\/posts\/14786\/revisions"}],"predecessor-version":[{"id":14788,"href":"https:\/\/swietyjerzy.elblag.pl\/index.php\/wp-json\/wp\/v2\/posts\/14786\/revisions\/14788"}],"wp:featuredmedia":[{"embeddable":true,"href":"https:\/\/swietyjerzy.elblag.pl\/index.php\/wp-json\/wp\/v2\/media\/14787"}],"wp:attachment":[{"href":"https:\/\/swietyjerzy.elblag.pl\/index.php\/wp-json\/wp\/v2\/media?parent=14786"}],"wp:term":[{"taxonomy":"category","embeddable":true,"href":"https:\/\/swietyjerzy.elblag.pl\/index.php\/wp-json\/wp\/v2\/categories?post=14786"},{"taxonomy":"post_tag","embeddable":true,"href":"https:\/\/swietyjerzy.elblag.pl\/index.php\/wp-json\/wp\/v2\/tags?post=14786"}],"curies":[{"name":"wp","href":"https:\/\/api.w.org\/{rel}","templated":true}]}}