{"id":14741,"date":"2026-01-29T06:47:23","date_gmt":"2026-01-29T06:47:23","guid":{"rendered":"https:\/\/swietyjerzy.elblag.pl\/?p=14741"},"modified":"2026-01-29T06:47:24","modified_gmt":"2026-01-29T06:47:24","slug":"oratio-secreta","status":"publish","type":"post","link":"https:\/\/swietyjerzy.elblag.pl\/index.php\/2026\/01\/29\/oratio-secreta\/","title":{"rendered":"ORATIO SECRETA"},"content":{"rendered":"\n<p>O tym b\u0119dzie niedzielne kazanie. O modlitwach, kt\u00f3rych ksi\u0105dz odprawiaj\u0105cy msz\u0119 \u015bw. nie m\u00f3wi g\u0142o\u015bno. Dlaczego? Czy to pozosta\u0142o\u015b\u0107 po liturgii w j\u0119zyku \u0142aci\u0144skim? Czy chce si\u0119 tu co\u015b ukrywa\u0107? Ciekawe, czy uda si\u0119 to klarownie wyja\u015bni\u0107 i co z tego wyniknie?<\/p>\n","protected":false},"excerpt":{"rendered":"<p>O tym b\u0119dzie niedzielne kazanie. O modlitwach, kt\u00f3rych ksi\u0105dz odprawiaj\u0105cy msz\u0119 \u015bw. nie m\u00f3wi g\u0142o\u015bno. Dlaczego? Czy&#8230;<\/p>\n","protected":false},"author":2,"featured_media":14742,"comment_status":"open","ping_status":"open","sticky":false,"template":"","format":"standard","meta":{"_tbt_post_transparent":"","_tbt_post_title":"","_tbt_post_layout":"","_tbt_post_sidebar_id":"","_tbt_post_content_style":"","_tbt_post_vertical_padding":"","_tbt_post_feature":"","_tbt_post_feature_position":"","_tbt_post_header":false,"_tbt_post_footer":false},"categories":[34],"tags":[],"class_list":["post-14741","post","type-post","status-publish","format-standard","has-post-thumbnail","hentry","category-aktualnosci"],"_links":{"self":[{"href":"https:\/\/swietyjerzy.elblag.pl\/index.php\/wp-json\/wp\/v2\/posts\/14741","targetHints":{"allow":["GET"]}}],"collection":[{"href":"https:\/\/swietyjerzy.elblag.pl\/index.php\/wp-json\/wp\/v2\/posts"}],"about":[{"href":"https:\/\/swietyjerzy.elblag.pl\/index.php\/wp-json\/wp\/v2\/types\/post"}],"author":[{"embeddable":true,"href":"https:\/\/swietyjerzy.elblag.pl\/index.php\/wp-json\/wp\/v2\/users\/2"}],"replies":[{"embeddable":true,"href":"https:\/\/swietyjerzy.elblag.pl\/index.php\/wp-json\/wp\/v2\/comments?post=14741"}],"version-history":[{"count":1,"href":"https:\/\/swietyjerzy.elblag.pl\/index.php\/wp-json\/wp\/v2\/posts\/14741\/revisions"}],"predecessor-version":[{"id":14743,"href":"https:\/\/swietyjerzy.elblag.pl\/index.php\/wp-json\/wp\/v2\/posts\/14741\/revisions\/14743"}],"wp:featuredmedia":[{"embeddable":true,"href":"https:\/\/swietyjerzy.elblag.pl\/index.php\/wp-json\/wp\/v2\/media\/14742"}],"wp:attachment":[{"href":"https:\/\/swietyjerzy.elblag.pl\/index.php\/wp-json\/wp\/v2\/media?parent=14741"}],"wp:term":[{"taxonomy":"category","embeddable":true,"href":"https:\/\/swietyjerzy.elblag.pl\/index.php\/wp-json\/wp\/v2\/categories?post=14741"},{"taxonomy":"post_tag","embeddable":true,"href":"https:\/\/swietyjerzy.elblag.pl\/index.php\/wp-json\/wp\/v2\/tags?post=14741"}],"curies":[{"name":"wp","href":"https:\/\/api.w.org\/{rel}","templated":true}]}}