{"id":14738,"date":"2026-01-26T05:59:08","date_gmt":"2026-01-26T05:59:08","guid":{"rendered":"https:\/\/swietyjerzy.elblag.pl\/?p=14738"},"modified":"2026-01-26T05:59:09","modified_gmt":"2026-01-26T05:59:09","slug":"ziarenka","status":"publish","type":"post","link":"https:\/\/swietyjerzy.elblag.pl\/index.php\/2026\/01\/26\/ziarenka\/","title":{"rendered":"ZIARENKA"},"content":{"rendered":"\n<p>Na mszy \u015bw. o g. 11.30. By w domu raz jeszcze przeczyta\u0107 niedzieln\u0105 ewangeli\u0119. By rozwi\u0105za\u0107 zagadk\u0119, a za tydzie\u0144 wylosowa\u0107 s\u0142odk\u0105 nagrod\u0119. By dumnie przemaszerowa\u0107 w\u015br\u00f3d prawie 500-set os\u00f3b obecnych w ko\u015bciele.<\/p>\n","protected":false},"excerpt":{"rendered":"<p>Na mszy \u015bw. o g. 11.30. By w domu raz jeszcze przeczyta\u0107 niedzieln\u0105 ewangeli\u0119. By rozwi\u0105za\u0107 zagadk\u0119,&#8230;<\/p>\n","protected":false},"author":2,"featured_media":14739,"comment_status":"open","ping_status":"open","sticky":false,"template":"","format":"standard","meta":{"_tbt_post_transparent":"","_tbt_post_title":"","_tbt_post_layout":"","_tbt_post_sidebar_id":"","_tbt_post_content_style":"","_tbt_post_vertical_padding":"","_tbt_post_feature":"","_tbt_post_feature_position":"","_tbt_post_header":false,"_tbt_post_footer":false},"categories":[34],"tags":[],"class_list":["post-14738","post","type-post","status-publish","format-standard","has-post-thumbnail","hentry","category-aktualnosci"],"_links":{"self":[{"href":"https:\/\/swietyjerzy.elblag.pl\/index.php\/wp-json\/wp\/v2\/posts\/14738","targetHints":{"allow":["GET"]}}],"collection":[{"href":"https:\/\/swietyjerzy.elblag.pl\/index.php\/wp-json\/wp\/v2\/posts"}],"about":[{"href":"https:\/\/swietyjerzy.elblag.pl\/index.php\/wp-json\/wp\/v2\/types\/post"}],"author":[{"embeddable":true,"href":"https:\/\/swietyjerzy.elblag.pl\/index.php\/wp-json\/wp\/v2\/users\/2"}],"replies":[{"embeddable":true,"href":"https:\/\/swietyjerzy.elblag.pl\/index.php\/wp-json\/wp\/v2\/comments?post=14738"}],"version-history":[{"count":1,"href":"https:\/\/swietyjerzy.elblag.pl\/index.php\/wp-json\/wp\/v2\/posts\/14738\/revisions"}],"predecessor-version":[{"id":14740,"href":"https:\/\/swietyjerzy.elblag.pl\/index.php\/wp-json\/wp\/v2\/posts\/14738\/revisions\/14740"}],"wp:featuredmedia":[{"embeddable":true,"href":"https:\/\/swietyjerzy.elblag.pl\/index.php\/wp-json\/wp\/v2\/media\/14739"}],"wp:attachment":[{"href":"https:\/\/swietyjerzy.elblag.pl\/index.php\/wp-json\/wp\/v2\/media?parent=14738"}],"wp:term":[{"taxonomy":"category","embeddable":true,"href":"https:\/\/swietyjerzy.elblag.pl\/index.php\/wp-json\/wp\/v2\/categories?post=14738"},{"taxonomy":"post_tag","embeddable":true,"href":"https:\/\/swietyjerzy.elblag.pl\/index.php\/wp-json\/wp\/v2\/tags?post=14738"}],"curies":[{"name":"wp","href":"https:\/\/api.w.org\/{rel}","templated":true}]}}