{"id":14732,"date":"2026-01-23T05:08:05","date_gmt":"2026-01-23T05:08:05","guid":{"rendered":"https:\/\/swietyjerzy.elblag.pl\/?p=14732"},"modified":"2026-01-23T05:08:06","modified_gmt":"2026-01-23T05:08:06","slug":"sprawozdanie-za-2025-rok","status":"publish","type":"post","link":"https:\/\/swietyjerzy.elblag.pl\/index.php\/2026\/01\/23\/sprawozdanie-za-2025-rok\/","title":{"rendered":"SPRAWOZDANIE ZA 2025 ROK"},"content":{"rendered":"\n<p>W minionym roku ochrzcili\u015bmy 53 dzieci i 1 osob\u0119 doros\u0142\u0105; a I Komuni\u0119 \u015awi\u0119t\u0105 przyj\u0119\u0142o&nbsp; 92 dzieci; bierzmowanych by\u0142o 58; \u015blub\u00f3w &#8211; 12. Odesz\u0142o do wieczno\u015bci 107 os\u00f3b. Po\u017cegnali\u015bmy ks. Stanis\u0142awa Gu\u0142\u0119 i ks. Jana Halberd\u0119. Trzech parafian targn\u0119\u0142o si\u0119 na swoje \u017cycie.&nbsp; Odprawili\u015bmy a\u017c 14 mszy gregoria\u0144skich. Na ten rok zam\u00f3wionych jest ju\u017c 9. Miniony rok, to pielgrzymki do Gietrzwa\u0142du, Kwidzyna i Braniewa. To tak\u017ce piesza pielgrzymka ks. Marcina do Cz\u0119stochowy i start jasnog\u00f3rskiej rowerowej. Wielkopostne inspiracje \u201eszkatu\u0142k\u0105 z cierniami\u201d i Maryjna naklejka nadziei nieba. &nbsp;Tradycyjne ju\u017c w parafii s\u0105: majowe pod krzy\u017cem papieskim, franciszka\u0144skie b\u0142ogos\u0142awie\u0144stwo zwierz\u0105t, 2. listopada ze \u015bwiecami i \u0142\u0105czno\u015bci\u0105 z parafianami, kt\u00f3rzy odeszli w minionym roku. Dwie serie rekolekcji w internecie. Seria film\u00f3w \u201eCiekawostki naszego ko\u015bcio\u0142a\u201d. Dobrze dzia\u0142aj\u0105ca strona facebookowa. To tak\u017ce nowe banery na murach ko\u015bcio\u0142a. Rekolekcje i odpust.<\/p>\n","protected":false},"excerpt":{"rendered":"<p>W minionym roku ochrzcili\u015bmy 53 dzieci i 1 osob\u0119 doros\u0142\u0105; a I Komuni\u0119 \u015awi\u0119t\u0105 przyj\u0119\u0142o&nbsp; 92 dzieci;&#8230;<\/p>\n","protected":false},"author":2,"featured_media":14733,"comment_status":"open","ping_status":"open","sticky":false,"template":"","format":"standard","meta":{"_tbt_post_transparent":"","_tbt_post_title":"","_tbt_post_layout":"","_tbt_post_sidebar_id":"","_tbt_post_content_style":"","_tbt_post_vertical_padding":"","_tbt_post_feature":"","_tbt_post_feature_position":"","_tbt_post_header":false,"_tbt_post_footer":false},"categories":[34],"tags":[],"class_list":["post-14732","post","type-post","status-publish","format-standard","has-post-thumbnail","hentry","category-aktualnosci"],"_links":{"self":[{"href":"https:\/\/swietyjerzy.elblag.pl\/index.php\/wp-json\/wp\/v2\/posts\/14732","targetHints":{"allow":["GET"]}}],"collection":[{"href":"https:\/\/swietyjerzy.elblag.pl\/index.php\/wp-json\/wp\/v2\/posts"}],"about":[{"href":"https:\/\/swietyjerzy.elblag.pl\/index.php\/wp-json\/wp\/v2\/types\/post"}],"author":[{"embeddable":true,"href":"https:\/\/swietyjerzy.elblag.pl\/index.php\/wp-json\/wp\/v2\/users\/2"}],"replies":[{"embeddable":true,"href":"https:\/\/swietyjerzy.elblag.pl\/index.php\/wp-json\/wp\/v2\/comments?post=14732"}],"version-history":[{"count":1,"href":"https:\/\/swietyjerzy.elblag.pl\/index.php\/wp-json\/wp\/v2\/posts\/14732\/revisions"}],"predecessor-version":[{"id":14734,"href":"https:\/\/swietyjerzy.elblag.pl\/index.php\/wp-json\/wp\/v2\/posts\/14732\/revisions\/14734"}],"wp:featuredmedia":[{"embeddable":true,"href":"https:\/\/swietyjerzy.elblag.pl\/index.php\/wp-json\/wp\/v2\/media\/14733"}],"wp:attachment":[{"href":"https:\/\/swietyjerzy.elblag.pl\/index.php\/wp-json\/wp\/v2\/media?parent=14732"}],"wp:term":[{"taxonomy":"category","embeddable":true,"href":"https:\/\/swietyjerzy.elblag.pl\/index.php\/wp-json\/wp\/v2\/categories?post=14732"},{"taxonomy":"post_tag","embeddable":true,"href":"https:\/\/swietyjerzy.elblag.pl\/index.php\/wp-json\/wp\/v2\/tags?post=14732"}],"curies":[{"name":"wp","href":"https:\/\/api.w.org\/{rel}","templated":true}]}}