{"id":14729,"date":"2026-01-19T04:59:12","date_gmt":"2026-01-19T04:59:12","guid":{"rendered":"https:\/\/swietyjerzy.elblag.pl\/?p=14729"},"modified":"2026-01-19T04:59:13","modified_gmt":"2026-01-19T04:59:13","slug":"u-ksiezy","status":"publish","type":"post","link":"https:\/\/swietyjerzy.elblag.pl\/index.php\/2026\/01\/19\/u-ksiezy\/","title":{"rendered":"U KSI\u0118\u017bY"},"content":{"rendered":"\n<p>Kol\u0119da. Dekanatu Elbl\u0105g Po\u0142udnie. W Zwierznie, u nowego proboszcza ks. Marka Piedziewicza. Z ks. bpem Jackiem Jezierskim. By\u0142a modlitwa, dyskusje i rozmowy oraz smaczny posi\u0142ek. &nbsp;<\/p>\n","protected":false},"excerpt":{"rendered":"<p>Kol\u0119da. Dekanatu Elbl\u0105g Po\u0142udnie. W Zwierznie, u nowego proboszcza ks. Marka Piedziewicza. Z ks. bpem Jackiem Jezierskim&#8230;.<\/p>\n","protected":false},"author":2,"featured_media":14730,"comment_status":"open","ping_status":"open","sticky":false,"template":"","format":"standard","meta":{"_tbt_post_transparent":"","_tbt_post_title":"","_tbt_post_layout":"","_tbt_post_sidebar_id":"","_tbt_post_content_style":"","_tbt_post_vertical_padding":"","_tbt_post_feature":"","_tbt_post_feature_position":"","_tbt_post_header":false,"_tbt_post_footer":false},"categories":[34],"tags":[],"class_list":["post-14729","post","type-post","status-publish","format-standard","has-post-thumbnail","hentry","category-aktualnosci"],"_links":{"self":[{"href":"https:\/\/swietyjerzy.elblag.pl\/index.php\/wp-json\/wp\/v2\/posts\/14729","targetHints":{"allow":["GET"]}}],"collection":[{"href":"https:\/\/swietyjerzy.elblag.pl\/index.php\/wp-json\/wp\/v2\/posts"}],"about":[{"href":"https:\/\/swietyjerzy.elblag.pl\/index.php\/wp-json\/wp\/v2\/types\/post"}],"author":[{"embeddable":true,"href":"https:\/\/swietyjerzy.elblag.pl\/index.php\/wp-json\/wp\/v2\/users\/2"}],"replies":[{"embeddable":true,"href":"https:\/\/swietyjerzy.elblag.pl\/index.php\/wp-json\/wp\/v2\/comments?post=14729"}],"version-history":[{"count":1,"href":"https:\/\/swietyjerzy.elblag.pl\/index.php\/wp-json\/wp\/v2\/posts\/14729\/revisions"}],"predecessor-version":[{"id":14731,"href":"https:\/\/swietyjerzy.elblag.pl\/index.php\/wp-json\/wp\/v2\/posts\/14729\/revisions\/14731"}],"wp:featuredmedia":[{"embeddable":true,"href":"https:\/\/swietyjerzy.elblag.pl\/index.php\/wp-json\/wp\/v2\/media\/14730"}],"wp:attachment":[{"href":"https:\/\/swietyjerzy.elblag.pl\/index.php\/wp-json\/wp\/v2\/media?parent=14729"}],"wp:term":[{"taxonomy":"category","embeddable":true,"href":"https:\/\/swietyjerzy.elblag.pl\/index.php\/wp-json\/wp\/v2\/categories?post=14729"},{"taxonomy":"post_tag","embeddable":true,"href":"https:\/\/swietyjerzy.elblag.pl\/index.php\/wp-json\/wp\/v2\/tags?post=14729"}],"curies":[{"name":"wp","href":"https:\/\/api.w.org\/{rel}","templated":true}]}}