{"id":14723,"date":"2026-01-16T07:34:49","date_gmt":"2026-01-16T07:34:49","guid":{"rendered":"https:\/\/swietyjerzy.elblag.pl\/?p=14723"},"modified":"2026-01-16T07:52:42","modified_gmt":"2026-01-16T07:52:42","slug":"nowy-baner-2","status":"publish","type":"post","link":"https:\/\/swietyjerzy.elblag.pl\/index.php\/2026\/01\/16\/nowy-baner-2\/","title":{"rendered":"NOWY BANER"},"content":{"rendered":"\n<p>Pocz\u0105tkowo mia\u0142 by\u0107 na nim kaloryfer i napis: Tu rozgrzewamy ozi\u0119b\u0142e serca\u201d. By\u0142y ju\u017c: wkr\u0119tarka, sekator no i kaloryfer?! Nie chcieli\u015bmy by\u0107 posadzeni o bycie magazynem budowlanym. Wygra\u0142 wi\u0119c ten zimowy baner. Dzi\u015b jeszcze zwi\u015bnie na ko\u015bciele. \u00a0\u00a0<\/p>\n","protected":false},"excerpt":{"rendered":"<p>Pocz\u0105tkowo mia\u0142 by\u0107 na nim kaloryfer i napis: Tu rozgrzewamy ozi\u0119b\u0142e serca\u201d. By\u0142y ju\u017c: wkr\u0119tarka, sekator no&#8230;<\/p>\n","protected":false},"author":2,"featured_media":14724,"comment_status":"open","ping_status":"open","sticky":false,"template":"","format":"standard","meta":{"_tbt_post_transparent":"","_tbt_post_title":"","_tbt_post_layout":"","_tbt_post_sidebar_id":"","_tbt_post_content_style":"","_tbt_post_vertical_padding":"","_tbt_post_feature":"","_tbt_post_feature_position":"","_tbt_post_header":false,"_tbt_post_footer":false},"categories":[34],"tags":[],"class_list":["post-14723","post","type-post","status-publish","format-standard","has-post-thumbnail","hentry","category-aktualnosci"],"_links":{"self":[{"href":"https:\/\/swietyjerzy.elblag.pl\/index.php\/wp-json\/wp\/v2\/posts\/14723","targetHints":{"allow":["GET"]}}],"collection":[{"href":"https:\/\/swietyjerzy.elblag.pl\/index.php\/wp-json\/wp\/v2\/posts"}],"about":[{"href":"https:\/\/swietyjerzy.elblag.pl\/index.php\/wp-json\/wp\/v2\/types\/post"}],"author":[{"embeddable":true,"href":"https:\/\/swietyjerzy.elblag.pl\/index.php\/wp-json\/wp\/v2\/users\/2"}],"replies":[{"embeddable":true,"href":"https:\/\/swietyjerzy.elblag.pl\/index.php\/wp-json\/wp\/v2\/comments?post=14723"}],"version-history":[{"count":2,"href":"https:\/\/swietyjerzy.elblag.pl\/index.php\/wp-json\/wp\/v2\/posts\/14723\/revisions"}],"predecessor-version":[{"id":14726,"href":"https:\/\/swietyjerzy.elblag.pl\/index.php\/wp-json\/wp\/v2\/posts\/14723\/revisions\/14726"}],"wp:featuredmedia":[{"embeddable":true,"href":"https:\/\/swietyjerzy.elblag.pl\/index.php\/wp-json\/wp\/v2\/media\/14724"}],"wp:attachment":[{"href":"https:\/\/swietyjerzy.elblag.pl\/index.php\/wp-json\/wp\/v2\/media?parent=14723"}],"wp:term":[{"taxonomy":"category","embeddable":true,"href":"https:\/\/swietyjerzy.elblag.pl\/index.php\/wp-json\/wp\/v2\/categories?post=14723"},{"taxonomy":"post_tag","embeddable":true,"href":"https:\/\/swietyjerzy.elblag.pl\/index.php\/wp-json\/wp\/v2\/tags?post=14723"}],"curies":[{"name":"wp","href":"https:\/\/api.w.org\/{rel}","templated":true}]}}