{"id":14707,"date":"2025-12-31T07:27:40","date_gmt":"2025-12-31T07:27:40","guid":{"rendered":"https:\/\/swietyjerzy.elblag.pl\/?p=14707"},"modified":"2025-12-31T07:27:40","modified_gmt":"2025-12-31T07:27:40","slug":"podsumowanie-roku-na-facebooku","status":"publish","type":"post","link":"https:\/\/swietyjerzy.elblag.pl\/index.php\/2025\/12\/31\/podsumowanie-roku-na-facebooku\/","title":{"rendered":"PODSUMOWANIE ROKU NA FACEBOOKU"},"content":{"rendered":"\n<p>Rekord lajk\u00f3w to 346 z rolki na Chrystusa Kr\u00f3la. Najwi\u0119ksza ilo\u015b\u0107 wej\u015b\u0107 \u2013 prawie 77 tys., to po informacji o \u015bmierci ks. St. Gu\u0142y. Serie: \u201eCiekawostki naszego ko\u015bcio\u0142a\u201d i \u201eRolkowe rekolekcje\u201d cieszy\u0142y si\u0119 grubo ponad 10-tysi\u0119czn\u0105 widowni\u0105. Przewa\u017ca grupa wiekowa 30\/50-latk\u00f3w, a w\u015br\u00f3d nich ponad 70% to kobiety. Stron\u0119 4 lata temu za\u0142o\u017cy\u0142 ks. \u0141ukasz So\u0142tysiak.<\/p>\n","protected":false},"excerpt":{"rendered":"<p>Rekord lajk\u00f3w to 346 z rolki na Chrystusa Kr\u00f3la. Najwi\u0119ksza ilo\u015b\u0107 wej\u015b\u0107 \u2013 prawie 77 tys., to&#8230;<\/p>\n","protected":false},"author":2,"featured_media":14708,"comment_status":"open","ping_status":"open","sticky":false,"template":"","format":"standard","meta":{"_tbt_post_transparent":"","_tbt_post_title":"","_tbt_post_layout":"","_tbt_post_sidebar_id":"","_tbt_post_content_style":"","_tbt_post_vertical_padding":"","_tbt_post_feature":"","_tbt_post_feature_position":"","_tbt_post_header":false,"_tbt_post_footer":false},"categories":[34],"tags":[],"class_list":["post-14707","post","type-post","status-publish","format-standard","has-post-thumbnail","hentry","category-aktualnosci"],"_links":{"self":[{"href":"https:\/\/swietyjerzy.elblag.pl\/index.php\/wp-json\/wp\/v2\/posts\/14707","targetHints":{"allow":["GET"]}}],"collection":[{"href":"https:\/\/swietyjerzy.elblag.pl\/index.php\/wp-json\/wp\/v2\/posts"}],"about":[{"href":"https:\/\/swietyjerzy.elblag.pl\/index.php\/wp-json\/wp\/v2\/types\/post"}],"author":[{"embeddable":true,"href":"https:\/\/swietyjerzy.elblag.pl\/index.php\/wp-json\/wp\/v2\/users\/2"}],"replies":[{"embeddable":true,"href":"https:\/\/swietyjerzy.elblag.pl\/index.php\/wp-json\/wp\/v2\/comments?post=14707"}],"version-history":[{"count":1,"href":"https:\/\/swietyjerzy.elblag.pl\/index.php\/wp-json\/wp\/v2\/posts\/14707\/revisions"}],"predecessor-version":[{"id":14709,"href":"https:\/\/swietyjerzy.elblag.pl\/index.php\/wp-json\/wp\/v2\/posts\/14707\/revisions\/14709"}],"wp:featuredmedia":[{"embeddable":true,"href":"https:\/\/swietyjerzy.elblag.pl\/index.php\/wp-json\/wp\/v2\/media\/14708"}],"wp:attachment":[{"href":"https:\/\/swietyjerzy.elblag.pl\/index.php\/wp-json\/wp\/v2\/media?parent=14707"}],"wp:term":[{"taxonomy":"category","embeddable":true,"href":"https:\/\/swietyjerzy.elblag.pl\/index.php\/wp-json\/wp\/v2\/categories?post=14707"},{"taxonomy":"post_tag","embeddable":true,"href":"https:\/\/swietyjerzy.elblag.pl\/index.php\/wp-json\/wp\/v2\/tags?post=14707"}],"curies":[{"name":"wp","href":"https:\/\/api.w.org\/{rel}","templated":true}]}}