{"id":14691,"date":"2025-12-24T09:00:23","date_gmt":"2025-12-24T09:00:23","guid":{"rendered":"https:\/\/swietyjerzy.elblag.pl\/?p=14691"},"modified":"2025-12-24T09:00:24","modified_gmt":"2025-12-24T09:00:24","slug":"odszedl-do-pana","status":"publish","type":"post","link":"https:\/\/swietyjerzy.elblag.pl\/index.php\/2025\/12\/24\/odszedl-do-pana\/","title":{"rendered":"ODSZED\u0141 DO PANA"},"content":{"rendered":"\n<p>Wczoraj, 23 grudnia br., nad ranem, po d\u0142ugoletniej chorobie, opatrzony \u015bwi\u0119tym namaszczeniem &#8211; odszed\u0142 do wieczno\u015bci ks. dr Stanis\u0142aw Gu\u0142a. Jeden z pierwszych wikariuszy naszej parafii, d\u0142ugoletni proboszcz w Jeziorze. Emeryt mieszkaj\u0105cy w naszej parafii. Pasjonat historii Ko\u015bcio\u0142a i Katolickiej Nauki Spo\u0142ecznej. &nbsp;&nbsp;&nbsp;&nbsp;<\/p>\n","protected":false},"excerpt":{"rendered":"<p>Wczoraj, 23 grudnia br., nad ranem, po d\u0142ugoletniej chorobie, opatrzony \u015bwi\u0119tym namaszczeniem &#8211; odszed\u0142 do wieczno\u015bci ks&#8230;.<\/p>\n","protected":false},"author":2,"featured_media":14692,"comment_status":"open","ping_status":"open","sticky":false,"template":"","format":"standard","meta":{"_tbt_post_transparent":"","_tbt_post_title":"","_tbt_post_layout":"","_tbt_post_sidebar_id":"","_tbt_post_content_style":"","_tbt_post_vertical_padding":"","_tbt_post_feature":"","_tbt_post_feature_position":"","_tbt_post_header":false,"_tbt_post_footer":false},"categories":[34],"tags":[],"class_list":["post-14691","post","type-post","status-publish","format-standard","has-post-thumbnail","hentry","category-aktualnosci"],"_links":{"self":[{"href":"https:\/\/swietyjerzy.elblag.pl\/index.php\/wp-json\/wp\/v2\/posts\/14691","targetHints":{"allow":["GET"]}}],"collection":[{"href":"https:\/\/swietyjerzy.elblag.pl\/index.php\/wp-json\/wp\/v2\/posts"}],"about":[{"href":"https:\/\/swietyjerzy.elblag.pl\/index.php\/wp-json\/wp\/v2\/types\/post"}],"author":[{"embeddable":true,"href":"https:\/\/swietyjerzy.elblag.pl\/index.php\/wp-json\/wp\/v2\/users\/2"}],"replies":[{"embeddable":true,"href":"https:\/\/swietyjerzy.elblag.pl\/index.php\/wp-json\/wp\/v2\/comments?post=14691"}],"version-history":[{"count":1,"href":"https:\/\/swietyjerzy.elblag.pl\/index.php\/wp-json\/wp\/v2\/posts\/14691\/revisions"}],"predecessor-version":[{"id":14693,"href":"https:\/\/swietyjerzy.elblag.pl\/index.php\/wp-json\/wp\/v2\/posts\/14691\/revisions\/14693"}],"wp:featuredmedia":[{"embeddable":true,"href":"https:\/\/swietyjerzy.elblag.pl\/index.php\/wp-json\/wp\/v2\/media\/14692"}],"wp:attachment":[{"href":"https:\/\/swietyjerzy.elblag.pl\/index.php\/wp-json\/wp\/v2\/media?parent=14691"}],"wp:term":[{"taxonomy":"category","embeddable":true,"href":"https:\/\/swietyjerzy.elblag.pl\/index.php\/wp-json\/wp\/v2\/categories?post=14691"},{"taxonomy":"post_tag","embeddable":true,"href":"https:\/\/swietyjerzy.elblag.pl\/index.php\/wp-json\/wp\/v2\/tags?post=14691"}],"curies":[{"name":"wp","href":"https:\/\/api.w.org\/{rel}","templated":true}]}}