{"id":14685,"date":"2025-12-22T05:54:34","date_gmt":"2025-12-22T05:54:34","guid":{"rendered":"https:\/\/swietyjerzy.elblag.pl\/?p=14685"},"modified":"2025-12-22T05:54:35","modified_gmt":"2025-12-22T05:54:35","slug":"jeszcze-adwentowo","status":"publish","type":"post","link":"https:\/\/swietyjerzy.elblag.pl\/index.php\/2025\/12\/22\/jeszcze-adwentowo\/","title":{"rendered":"JESZCZE ADWENTOWO"},"content":{"rendered":"\n<p>We wtorek i \u015brod\u0119 zapraszamy na roraty o godz. 6.30. W naszym ko\u015bciele ju\u017c dekoracyjno-\u015bwi\u0105tecznie ale wci\u0105\u017c adwentowo. Do zobaczenia z lampionem lub \u015bwieczk\u0105 w r\u0119ku.<\/p>\n","protected":false},"excerpt":{"rendered":"<p>We wtorek i \u015brod\u0119 zapraszamy na roraty o godz. 6.30. W naszym ko\u015bciele ju\u017c dekoracyjno-\u015bwi\u0105tecznie ale wci\u0105\u017c&#8230;<\/p>\n","protected":false},"author":2,"featured_media":14686,"comment_status":"open","ping_status":"open","sticky":false,"template":"","format":"standard","meta":{"_tbt_post_transparent":"","_tbt_post_title":"","_tbt_post_layout":"","_tbt_post_sidebar_id":"","_tbt_post_content_style":"","_tbt_post_vertical_padding":"","_tbt_post_feature":"","_tbt_post_feature_position":"","_tbt_post_header":false,"_tbt_post_footer":false},"categories":[34],"tags":[],"class_list":["post-14685","post","type-post","status-publish","format-standard","has-post-thumbnail","hentry","category-aktualnosci"],"_links":{"self":[{"href":"https:\/\/swietyjerzy.elblag.pl\/index.php\/wp-json\/wp\/v2\/posts\/14685","targetHints":{"allow":["GET"]}}],"collection":[{"href":"https:\/\/swietyjerzy.elblag.pl\/index.php\/wp-json\/wp\/v2\/posts"}],"about":[{"href":"https:\/\/swietyjerzy.elblag.pl\/index.php\/wp-json\/wp\/v2\/types\/post"}],"author":[{"embeddable":true,"href":"https:\/\/swietyjerzy.elblag.pl\/index.php\/wp-json\/wp\/v2\/users\/2"}],"replies":[{"embeddable":true,"href":"https:\/\/swietyjerzy.elblag.pl\/index.php\/wp-json\/wp\/v2\/comments?post=14685"}],"version-history":[{"count":1,"href":"https:\/\/swietyjerzy.elblag.pl\/index.php\/wp-json\/wp\/v2\/posts\/14685\/revisions"}],"predecessor-version":[{"id":14687,"href":"https:\/\/swietyjerzy.elblag.pl\/index.php\/wp-json\/wp\/v2\/posts\/14685\/revisions\/14687"}],"wp:featuredmedia":[{"embeddable":true,"href":"https:\/\/swietyjerzy.elblag.pl\/index.php\/wp-json\/wp\/v2\/media\/14686"}],"wp:attachment":[{"href":"https:\/\/swietyjerzy.elblag.pl\/index.php\/wp-json\/wp\/v2\/media?parent=14685"}],"wp:term":[{"taxonomy":"category","embeddable":true,"href":"https:\/\/swietyjerzy.elblag.pl\/index.php\/wp-json\/wp\/v2\/categories?post=14685"},{"taxonomy":"post_tag","embeddable":true,"href":"https:\/\/swietyjerzy.elblag.pl\/index.php\/wp-json\/wp\/v2\/tags?post=14685"}],"curies":[{"name":"wp","href":"https:\/\/api.w.org\/{rel}","templated":true}]}}