{"id":14678,"date":"2025-12-17T07:07:19","date_gmt":"2025-12-17T07:07:19","guid":{"rendered":"https:\/\/swietyjerzy.elblag.pl\/?p=14678"},"modified":"2025-12-17T07:07:19","modified_gmt":"2025-12-17T07:07:19","slug":"prezent-oby-sie-nie-przydal","status":"publish","type":"post","link":"https:\/\/swietyjerzy.elblag.pl\/index.php\/2025\/12\/17\/prezent-oby-sie-nie-przydal\/","title":{"rendered":"PREZENT, OBY SI\u0118 NIE PRZYDA\u0141"},"content":{"rendered":"\n<p>Dostali\u015bmy pi\u0119kny prezent \u2013 defibrylator AED. Po przeszkoleniu b\u0119dzie wisia\u0142 w naszym ko\u015bciele. Dzi\u0119kujemy naszemu starostwu powiatowemu oraz stra\u017cakom z PSP i OSP. Dobrze jest czu\u0107 si\u0119 bezpiecznym tak\u017ce w wymiarze zdrowotnym!<\/p>\n","protected":false},"excerpt":{"rendered":"<p>Dostali\u015bmy pi\u0119kny prezent \u2013 defibrylator AED. Po przeszkoleniu b\u0119dzie wisia\u0142 w naszym ko\u015bciele. Dzi\u0119kujemy naszemu starostwu powiatowemu&#8230;<\/p>\n","protected":false},"author":2,"featured_media":14679,"comment_status":"open","ping_status":"open","sticky":false,"template":"","format":"standard","meta":{"_tbt_post_transparent":"","_tbt_post_title":"","_tbt_post_layout":"","_tbt_post_sidebar_id":"","_tbt_post_content_style":"","_tbt_post_vertical_padding":"","_tbt_post_feature":"","_tbt_post_feature_position":"","_tbt_post_header":false,"_tbt_post_footer":false},"categories":[34],"tags":[],"class_list":["post-14678","post","type-post","status-publish","format-standard","has-post-thumbnail","hentry","category-aktualnosci"],"_links":{"self":[{"href":"https:\/\/swietyjerzy.elblag.pl\/index.php\/wp-json\/wp\/v2\/posts\/14678","targetHints":{"allow":["GET"]}}],"collection":[{"href":"https:\/\/swietyjerzy.elblag.pl\/index.php\/wp-json\/wp\/v2\/posts"}],"about":[{"href":"https:\/\/swietyjerzy.elblag.pl\/index.php\/wp-json\/wp\/v2\/types\/post"}],"author":[{"embeddable":true,"href":"https:\/\/swietyjerzy.elblag.pl\/index.php\/wp-json\/wp\/v2\/users\/2"}],"replies":[{"embeddable":true,"href":"https:\/\/swietyjerzy.elblag.pl\/index.php\/wp-json\/wp\/v2\/comments?post=14678"}],"version-history":[{"count":1,"href":"https:\/\/swietyjerzy.elblag.pl\/index.php\/wp-json\/wp\/v2\/posts\/14678\/revisions"}],"predecessor-version":[{"id":14680,"href":"https:\/\/swietyjerzy.elblag.pl\/index.php\/wp-json\/wp\/v2\/posts\/14678\/revisions\/14680"}],"wp:featuredmedia":[{"embeddable":true,"href":"https:\/\/swietyjerzy.elblag.pl\/index.php\/wp-json\/wp\/v2\/media\/14679"}],"wp:attachment":[{"href":"https:\/\/swietyjerzy.elblag.pl\/index.php\/wp-json\/wp\/v2\/media?parent=14678"}],"wp:term":[{"taxonomy":"category","embeddable":true,"href":"https:\/\/swietyjerzy.elblag.pl\/index.php\/wp-json\/wp\/v2\/categories?post=14678"},{"taxonomy":"post_tag","embeddable":true,"href":"https:\/\/swietyjerzy.elblag.pl\/index.php\/wp-json\/wp\/v2\/tags?post=14678"}],"curies":[{"name":"wp","href":"https:\/\/api.w.org\/{rel}","templated":true}]}}