{"id":14670,"date":"2025-12-02T07:26:27","date_gmt":"2025-12-02T07:26:27","guid":{"rendered":"https:\/\/swietyjerzy.elblag.pl\/?p=14670"},"modified":"2025-12-02T07:27:25","modified_gmt":"2025-12-02T07:27:25","slug":"hardcorowe-wypominki","status":"publish","type":"post","link":"https:\/\/swietyjerzy.elblag.pl\/index.php\/2025\/12\/02\/hardcorowe-wypominki\/","title":{"rendered":"HARDCOROWE roraty"},"content":{"rendered":"\n<p>Codziennie o godz. 6.30, w sobot\u0119 \u2013 7.00. Z ca\u0142kiem niez\u0142\u0105 frekwencj\u0105. W ogrzewanym ko\u015bciele, zgaszonymi \u015bwiat\u0142ami i kr\u00f3tkim kazaniem.<\/p>\n","protected":false},"excerpt":{"rendered":"<p>Codziennie o godz. 6.30, w sobot\u0119 \u2013 7.00. Z ca\u0142kiem niez\u0142\u0105 frekwencj\u0105. W ogrzewanym ko\u015bciele, zgaszonymi \u015bwiat\u0142ami&#8230;<\/p>\n","protected":false},"author":2,"featured_media":14671,"comment_status":"open","ping_status":"open","sticky":false,"template":"","format":"standard","meta":{"_tbt_post_transparent":"","_tbt_post_title":"","_tbt_post_layout":"","_tbt_post_sidebar_id":"","_tbt_post_content_style":"","_tbt_post_vertical_padding":"","_tbt_post_feature":"","_tbt_post_feature_position":"","_tbt_post_header":false,"_tbt_post_footer":false},"categories":[34],"tags":[],"class_list":["post-14670","post","type-post","status-publish","format-standard","has-post-thumbnail","hentry","category-aktualnosci"],"_links":{"self":[{"href":"https:\/\/swietyjerzy.elblag.pl\/index.php\/wp-json\/wp\/v2\/posts\/14670","targetHints":{"allow":["GET"]}}],"collection":[{"href":"https:\/\/swietyjerzy.elblag.pl\/index.php\/wp-json\/wp\/v2\/posts"}],"about":[{"href":"https:\/\/swietyjerzy.elblag.pl\/index.php\/wp-json\/wp\/v2\/types\/post"}],"author":[{"embeddable":true,"href":"https:\/\/swietyjerzy.elblag.pl\/index.php\/wp-json\/wp\/v2\/users\/2"}],"replies":[{"embeddable":true,"href":"https:\/\/swietyjerzy.elblag.pl\/index.php\/wp-json\/wp\/v2\/comments?post=14670"}],"version-history":[{"count":2,"href":"https:\/\/swietyjerzy.elblag.pl\/index.php\/wp-json\/wp\/v2\/posts\/14670\/revisions"}],"predecessor-version":[{"id":14673,"href":"https:\/\/swietyjerzy.elblag.pl\/index.php\/wp-json\/wp\/v2\/posts\/14670\/revisions\/14673"}],"wp:featuredmedia":[{"embeddable":true,"href":"https:\/\/swietyjerzy.elblag.pl\/index.php\/wp-json\/wp\/v2\/media\/14671"}],"wp:attachment":[{"href":"https:\/\/swietyjerzy.elblag.pl\/index.php\/wp-json\/wp\/v2\/media?parent=14670"}],"wp:term":[{"taxonomy":"category","embeddable":true,"href":"https:\/\/swietyjerzy.elblag.pl\/index.php\/wp-json\/wp\/v2\/categories?post=14670"},{"taxonomy":"post_tag","embeddable":true,"href":"https:\/\/swietyjerzy.elblag.pl\/index.php\/wp-json\/wp\/v2\/tags?post=14670"}],"curies":[{"name":"wp","href":"https:\/\/api.w.org\/{rel}","templated":true}]}}