{"id":14667,"date":"2025-12-01T07:04:40","date_gmt":"2025-12-01T07:04:40","guid":{"rendered":"https:\/\/swietyjerzy.elblag.pl\/?p=14667"},"modified":"2025-12-01T07:04:40","modified_gmt":"2025-12-01T07:04:40","slug":"roraty-domowe","status":"publish","type":"post","link":"https:\/\/swietyjerzy.elblag.pl\/index.php\/2025\/12\/01\/roraty-domowe\/","title":{"rendered":"RORATY DOMOWE"},"content":{"rendered":"\n<p>W ko\u015bciele wiadomo. Mo\u017cna te\u017c w domu. Przy samodzielnie wykonanym lampionie, codziennie 2\/3 min. Pomodli\u0107 si\u0119. Wy\u0142\u0105czy\u0107 telefon, ekran monitoru. No dobrze, kupi\u0107 zapachow\u0105 \u015bwiec\u0119. Niech przynajmniej jej zapach \u201epomodli si\u0119\u2019 i zach\u0119ci do refleksji.<\/p>\n","protected":false},"excerpt":{"rendered":"<p>W ko\u015bciele wiadomo. Mo\u017cna te\u017c w domu. Przy samodzielnie wykonanym lampionie, codziennie 2\/3 min. Pomodli\u0107 si\u0119. Wy\u0142\u0105czy\u0107&#8230;<\/p>\n","protected":false},"author":2,"featured_media":14668,"comment_status":"open","ping_status":"open","sticky":false,"template":"","format":"standard","meta":{"_tbt_post_transparent":"","_tbt_post_title":"","_tbt_post_layout":"","_tbt_post_sidebar_id":"","_tbt_post_content_style":"","_tbt_post_vertical_padding":"","_tbt_post_feature":"","_tbt_post_feature_position":"","_tbt_post_header":false,"_tbt_post_footer":false},"categories":[1],"tags":[],"class_list":["post-14667","post","type-post","status-publish","format-standard","has-post-thumbnail","hentry","category-bez-kategorii"],"_links":{"self":[{"href":"https:\/\/swietyjerzy.elblag.pl\/index.php\/wp-json\/wp\/v2\/posts\/14667","targetHints":{"allow":["GET"]}}],"collection":[{"href":"https:\/\/swietyjerzy.elblag.pl\/index.php\/wp-json\/wp\/v2\/posts"}],"about":[{"href":"https:\/\/swietyjerzy.elblag.pl\/index.php\/wp-json\/wp\/v2\/types\/post"}],"author":[{"embeddable":true,"href":"https:\/\/swietyjerzy.elblag.pl\/index.php\/wp-json\/wp\/v2\/users\/2"}],"replies":[{"embeddable":true,"href":"https:\/\/swietyjerzy.elblag.pl\/index.php\/wp-json\/wp\/v2\/comments?post=14667"}],"version-history":[{"count":1,"href":"https:\/\/swietyjerzy.elblag.pl\/index.php\/wp-json\/wp\/v2\/posts\/14667\/revisions"}],"predecessor-version":[{"id":14669,"href":"https:\/\/swietyjerzy.elblag.pl\/index.php\/wp-json\/wp\/v2\/posts\/14667\/revisions\/14669"}],"wp:featuredmedia":[{"embeddable":true,"href":"https:\/\/swietyjerzy.elblag.pl\/index.php\/wp-json\/wp\/v2\/media\/14668"}],"wp:attachment":[{"href":"https:\/\/swietyjerzy.elblag.pl\/index.php\/wp-json\/wp\/v2\/media?parent=14667"}],"wp:term":[{"taxonomy":"category","embeddable":true,"href":"https:\/\/swietyjerzy.elblag.pl\/index.php\/wp-json\/wp\/v2\/categories?post=14667"},{"taxonomy":"post_tag","embeddable":true,"href":"https:\/\/swietyjerzy.elblag.pl\/index.php\/wp-json\/wp\/v2\/tags?post=14667"}],"curies":[{"name":"wp","href":"https:\/\/api.w.org\/{rel}","templated":true}]}}