{"id":14659,"date":"2025-11-26T06:45:34","date_gmt":"2025-11-26T06:45:34","guid":{"rendered":"https:\/\/swietyjerzy.elblag.pl\/?p=14659"},"modified":"2025-11-26T06:45:35","modified_gmt":"2025-11-26T06:45:35","slug":"wspolczujemy","status":"publish","type":"post","link":"https:\/\/swietyjerzy.elblag.pl\/index.php\/2025\/11\/26\/wspolczujemy\/","title":{"rendered":"WSP\u00d3\u0141CZUJEMY"},"content":{"rendered":"\n<p>Wczoraj wieczorem dosz\u0142o do kolizji podczas wyjazdu z placu przed ko\u015bcio\u0142em \u015bw. Jerzego. Ca\u0142e szcz\u0119\u015bcie nikomu nic si\u0119 nie sta\u0142o. By\u0142o du\u017co smutku, niedowierzania i \u017calu. Z naszej strony s\u0142u\u017cymy pomoc\u0105. Prosimy te\u017c o uwag\u0119 podczas wyjazdu i nie \u0142amanie przepis\u00f3w na stylu Grobli \u015aw. Jerzego i ul. Bema!<\/p>\n","protected":false},"excerpt":{"rendered":"<p>Wczoraj wieczorem dosz\u0142o do kolizji podczas wyjazdu z placu przed ko\u015bcio\u0142em \u015bw. Jerzego. Ca\u0142e szcz\u0119\u015bcie nikomu nic&#8230;<\/p>\n","protected":false},"author":2,"featured_media":14660,"comment_status":"open","ping_status":"open","sticky":false,"template":"","format":"standard","meta":{"_tbt_post_transparent":"","_tbt_post_title":"","_tbt_post_layout":"","_tbt_post_sidebar_id":"","_tbt_post_content_style":"","_tbt_post_vertical_padding":"","_tbt_post_feature":"","_tbt_post_feature_position":"","_tbt_post_header":false,"_tbt_post_footer":false},"categories":[1],"tags":[],"class_list":["post-14659","post","type-post","status-publish","format-standard","has-post-thumbnail","hentry","category-bez-kategorii"],"_links":{"self":[{"href":"https:\/\/swietyjerzy.elblag.pl\/index.php\/wp-json\/wp\/v2\/posts\/14659","targetHints":{"allow":["GET"]}}],"collection":[{"href":"https:\/\/swietyjerzy.elblag.pl\/index.php\/wp-json\/wp\/v2\/posts"}],"about":[{"href":"https:\/\/swietyjerzy.elblag.pl\/index.php\/wp-json\/wp\/v2\/types\/post"}],"author":[{"embeddable":true,"href":"https:\/\/swietyjerzy.elblag.pl\/index.php\/wp-json\/wp\/v2\/users\/2"}],"replies":[{"embeddable":true,"href":"https:\/\/swietyjerzy.elblag.pl\/index.php\/wp-json\/wp\/v2\/comments?post=14659"}],"version-history":[{"count":1,"href":"https:\/\/swietyjerzy.elblag.pl\/index.php\/wp-json\/wp\/v2\/posts\/14659\/revisions"}],"predecessor-version":[{"id":14661,"href":"https:\/\/swietyjerzy.elblag.pl\/index.php\/wp-json\/wp\/v2\/posts\/14659\/revisions\/14661"}],"wp:featuredmedia":[{"embeddable":true,"href":"https:\/\/swietyjerzy.elblag.pl\/index.php\/wp-json\/wp\/v2\/media\/14660"}],"wp:attachment":[{"href":"https:\/\/swietyjerzy.elblag.pl\/index.php\/wp-json\/wp\/v2\/media?parent=14659"}],"wp:term":[{"taxonomy":"category","embeddable":true,"href":"https:\/\/swietyjerzy.elblag.pl\/index.php\/wp-json\/wp\/v2\/categories?post=14659"},{"taxonomy":"post_tag","embeddable":true,"href":"https:\/\/swietyjerzy.elblag.pl\/index.php\/wp-json\/wp\/v2\/tags?post=14659"}],"curies":[{"name":"wp","href":"https:\/\/api.w.org\/{rel}","templated":true}]}}