{"id":14656,"date":"2025-11-25T08:44:57","date_gmt":"2025-11-25T08:44:57","guid":{"rendered":"https:\/\/swietyjerzy.elblag.pl\/?p=14656"},"modified":"2025-11-25T08:44:57","modified_gmt":"2025-11-25T08:44:57","slug":"rekolekcyjne-wspomnienia","status":"publish","type":"post","link":"https:\/\/swietyjerzy.elblag.pl\/index.php\/2025\/11\/25\/rekolekcyjne-wspomnienia\/","title":{"rendered":"REKOLEKCYJNE WSPOMNIENIA"},"content":{"rendered":"\n<p>Parafialnych w Ostr\u00f3dzie? Nie pami\u0119tam. Za to oazowe w g\u00f3rach, w Ochotnicy? Mega wra\u017cenia a\u017c do dzi\u015b. W seminarium, bardziej te przed diakonatem ni\u017c kap\u0142a\u0144skie. Na wikariacie w Sztumie rekolekcje g\u0142osili zawsze oblaci. By\u0142y nier\u00f3wne. Fajne ale czasem nudne. Ciekawe czy te same opinie maj\u0105 ci, kt\u00f3rzy s\u0142uchali moich rekolekcji? <\/p>\n","protected":false},"excerpt":{"rendered":"<p>Parafialnych w Ostr\u00f3dzie? Nie pami\u0119tam. Za to oazowe w g\u00f3rach, w Ochotnicy? Mega wra\u017cenia a\u017c do dzi\u015b&#8230;.<\/p>\n","protected":false},"author":2,"featured_media":14657,"comment_status":"open","ping_status":"open","sticky":false,"template":"","format":"standard","meta":{"_tbt_post_transparent":"","_tbt_post_title":"","_tbt_post_layout":"","_tbt_post_sidebar_id":"","_tbt_post_content_style":"","_tbt_post_vertical_padding":"","_tbt_post_feature":"","_tbt_post_feature_position":"","_tbt_post_header":false,"_tbt_post_footer":false},"categories":[1],"tags":[],"class_list":["post-14656","post","type-post","status-publish","format-standard","has-post-thumbnail","hentry","category-bez-kategorii"],"_links":{"self":[{"href":"https:\/\/swietyjerzy.elblag.pl\/index.php\/wp-json\/wp\/v2\/posts\/14656","targetHints":{"allow":["GET"]}}],"collection":[{"href":"https:\/\/swietyjerzy.elblag.pl\/index.php\/wp-json\/wp\/v2\/posts"}],"about":[{"href":"https:\/\/swietyjerzy.elblag.pl\/index.php\/wp-json\/wp\/v2\/types\/post"}],"author":[{"embeddable":true,"href":"https:\/\/swietyjerzy.elblag.pl\/index.php\/wp-json\/wp\/v2\/users\/2"}],"replies":[{"embeddable":true,"href":"https:\/\/swietyjerzy.elblag.pl\/index.php\/wp-json\/wp\/v2\/comments?post=14656"}],"version-history":[{"count":1,"href":"https:\/\/swietyjerzy.elblag.pl\/index.php\/wp-json\/wp\/v2\/posts\/14656\/revisions"}],"predecessor-version":[{"id":14658,"href":"https:\/\/swietyjerzy.elblag.pl\/index.php\/wp-json\/wp\/v2\/posts\/14656\/revisions\/14658"}],"wp:featuredmedia":[{"embeddable":true,"href":"https:\/\/swietyjerzy.elblag.pl\/index.php\/wp-json\/wp\/v2\/media\/14657"}],"wp:attachment":[{"href":"https:\/\/swietyjerzy.elblag.pl\/index.php\/wp-json\/wp\/v2\/media?parent=14656"}],"wp:term":[{"taxonomy":"category","embeddable":true,"href":"https:\/\/swietyjerzy.elblag.pl\/index.php\/wp-json\/wp\/v2\/categories?post=14656"},{"taxonomy":"post_tag","embeddable":true,"href":"https:\/\/swietyjerzy.elblag.pl\/index.php\/wp-json\/wp\/v2\/tags?post=14656"}],"curies":[{"name":"wp","href":"https:\/\/api.w.org\/{rel}","templated":true}]}}