{"id":14650,"date":"2025-11-17T10:21:38","date_gmt":"2025-11-17T10:21:38","guid":{"rendered":"https:\/\/swietyjerzy.elblag.pl\/?p=14650"},"modified":"2025-11-17T10:21:38","modified_gmt":"2025-11-17T10:21:38","slug":"milosc-w-parafii","status":"publish","type":"post","link":"https:\/\/swietyjerzy.elblag.pl\/index.php\/2025\/11\/17\/milosc-w-parafii\/","title":{"rendered":"MI\u0141O\u015a\u0106 W PARAFII"},"content":{"rendered":"\n<p>Spe\u0142nionej, w sakramencie ma\u0142\u017ce\u0144stwa by\u0142o jej 12. W mijaj\u0105cym 2025 roku. \u015arednia wieku panny m\u0142odej to 32 lata, a pana m\u0142odego 33,5 lata. Najm\u0142odsza \u015blubna mia\u0142a 23 lata, najstarsza \u2013 59 lat. U m\u0119\u017cczyzn by\u0142o to analogicznie 27 lat i 53 lat. Gratulujemy!<\/p>\n","protected":false},"excerpt":{"rendered":"<p>Spe\u0142nionej, w sakramencie ma\u0142\u017ce\u0144stwa by\u0142o jej 12. W mijaj\u0105cym 2025 roku. \u015arednia wieku panny m\u0142odej to 32&#8230;<\/p>\n","protected":false},"author":2,"featured_media":14651,"comment_status":"open","ping_status":"open","sticky":false,"template":"","format":"standard","meta":{"_tbt_post_transparent":"","_tbt_post_title":"","_tbt_post_layout":"","_tbt_post_sidebar_id":"","_tbt_post_content_style":"","_tbt_post_vertical_padding":"","_tbt_post_feature":"","_tbt_post_feature_position":"","_tbt_post_header":false,"_tbt_post_footer":false},"categories":[1],"tags":[],"class_list":["post-14650","post","type-post","status-publish","format-standard","has-post-thumbnail","hentry","category-bez-kategorii"],"_links":{"self":[{"href":"https:\/\/swietyjerzy.elblag.pl\/index.php\/wp-json\/wp\/v2\/posts\/14650","targetHints":{"allow":["GET"]}}],"collection":[{"href":"https:\/\/swietyjerzy.elblag.pl\/index.php\/wp-json\/wp\/v2\/posts"}],"about":[{"href":"https:\/\/swietyjerzy.elblag.pl\/index.php\/wp-json\/wp\/v2\/types\/post"}],"author":[{"embeddable":true,"href":"https:\/\/swietyjerzy.elblag.pl\/index.php\/wp-json\/wp\/v2\/users\/2"}],"replies":[{"embeddable":true,"href":"https:\/\/swietyjerzy.elblag.pl\/index.php\/wp-json\/wp\/v2\/comments?post=14650"}],"version-history":[{"count":1,"href":"https:\/\/swietyjerzy.elblag.pl\/index.php\/wp-json\/wp\/v2\/posts\/14650\/revisions"}],"predecessor-version":[{"id":14652,"href":"https:\/\/swietyjerzy.elblag.pl\/index.php\/wp-json\/wp\/v2\/posts\/14650\/revisions\/14652"}],"wp:featuredmedia":[{"embeddable":true,"href":"https:\/\/swietyjerzy.elblag.pl\/index.php\/wp-json\/wp\/v2\/media\/14651"}],"wp:attachment":[{"href":"https:\/\/swietyjerzy.elblag.pl\/index.php\/wp-json\/wp\/v2\/media?parent=14650"}],"wp:term":[{"taxonomy":"category","embeddable":true,"href":"https:\/\/swietyjerzy.elblag.pl\/index.php\/wp-json\/wp\/v2\/categories?post=14650"},{"taxonomy":"post_tag","embeddable":true,"href":"https:\/\/swietyjerzy.elblag.pl\/index.php\/wp-json\/wp\/v2\/tags?post=14650"}],"curies":[{"name":"wp","href":"https:\/\/api.w.org\/{rel}","templated":true}]}}