{"id":14643,"date":"2025-11-12T07:09:10","date_gmt":"2025-11-12T07:09:10","guid":{"rendered":"https:\/\/swietyjerzy.elblag.pl\/?p=14643"},"modified":"2025-11-12T07:09:10","modified_gmt":"2025-11-12T07:09:10","slug":"kiedy-to-bylo","status":"publish","type":"post","link":"https:\/\/swietyjerzy.elblag.pl\/index.php\/2025\/11\/12\/kiedy-to-bylo\/","title":{"rendered":"KIEDY TO BY\u0141O?"},"content":{"rendered":"\n<p>Nie potrafi\u0119 dok\u0142adnie odtworzy\u0107, kiedy w naszej parafii pojawi\u0142y si\u0119 nowe, zamykane konfesjona\u0142y? Stare trafi\u0142y do parafii w D\u0105br\u00f3wce Malborskiej. Nie prowadzimy niestety kroniki parafialnej. Archiwizowane s\u0105 og\u0142oszenia parafialne i dokumentacja zdj\u0119ciowa. Mo\u017ce kto\u015b to pami\u0119ta? I jak si\u0119 spowiada? Od mojej strony, spowiadaj\u0105cego \u2013 bardzo komfortowo. &nbsp;&nbsp;<\/p>\n","protected":false},"excerpt":{"rendered":"<p>Nie potrafi\u0119 dok\u0142adnie odtworzy\u0107, kiedy w naszej parafii pojawi\u0142y si\u0119 nowe, zamykane konfesjona\u0142y? Stare trafi\u0142y do parafii&#8230;<\/p>\n","protected":false},"author":2,"featured_media":14644,"comment_status":"open","ping_status":"open","sticky":false,"template":"","format":"standard","meta":{"_tbt_post_transparent":"","_tbt_post_title":"","_tbt_post_layout":"","_tbt_post_sidebar_id":"","_tbt_post_content_style":"","_tbt_post_vertical_padding":"","_tbt_post_feature":"","_tbt_post_feature_position":"","_tbt_post_header":false,"_tbt_post_footer":false},"categories":[34],"tags":[],"class_list":["post-14643","post","type-post","status-publish","format-standard","has-post-thumbnail","hentry","category-aktualnosci"],"_links":{"self":[{"href":"https:\/\/swietyjerzy.elblag.pl\/index.php\/wp-json\/wp\/v2\/posts\/14643","targetHints":{"allow":["GET"]}}],"collection":[{"href":"https:\/\/swietyjerzy.elblag.pl\/index.php\/wp-json\/wp\/v2\/posts"}],"about":[{"href":"https:\/\/swietyjerzy.elblag.pl\/index.php\/wp-json\/wp\/v2\/types\/post"}],"author":[{"embeddable":true,"href":"https:\/\/swietyjerzy.elblag.pl\/index.php\/wp-json\/wp\/v2\/users\/2"}],"replies":[{"embeddable":true,"href":"https:\/\/swietyjerzy.elblag.pl\/index.php\/wp-json\/wp\/v2\/comments?post=14643"}],"version-history":[{"count":1,"href":"https:\/\/swietyjerzy.elblag.pl\/index.php\/wp-json\/wp\/v2\/posts\/14643\/revisions"}],"predecessor-version":[{"id":14645,"href":"https:\/\/swietyjerzy.elblag.pl\/index.php\/wp-json\/wp\/v2\/posts\/14643\/revisions\/14645"}],"wp:featuredmedia":[{"embeddable":true,"href":"https:\/\/swietyjerzy.elblag.pl\/index.php\/wp-json\/wp\/v2\/media\/14644"}],"wp:attachment":[{"href":"https:\/\/swietyjerzy.elblag.pl\/index.php\/wp-json\/wp\/v2\/media?parent=14643"}],"wp:term":[{"taxonomy":"category","embeddable":true,"href":"https:\/\/swietyjerzy.elblag.pl\/index.php\/wp-json\/wp\/v2\/categories?post=14643"},{"taxonomy":"post_tag","embeddable":true,"href":"https:\/\/swietyjerzy.elblag.pl\/index.php\/wp-json\/wp\/v2\/tags?post=14643"}],"curies":[{"name":"wp","href":"https:\/\/api.w.org\/{rel}","templated":true}]}}