{"id":14640,"date":"2025-11-10T06:00:54","date_gmt":"2025-11-10T06:00:54","guid":{"rendered":"https:\/\/swietyjerzy.elblag.pl\/?p=14640"},"modified":"2025-11-10T06:00:55","modified_gmt":"2025-11-10T06:00:55","slug":"banerowe-wspomnienie","status":"publish","type":"post","link":"https:\/\/swietyjerzy.elblag.pl\/index.php\/2025\/11\/10\/banerowe-wspomnienie\/","title":{"rendered":"BANEROWE WSPOMNIENIE"},"content":{"rendered":"\n<p>Banery na naszym ko\u015bciele. Zawsze autorskie. Samodzielnie wykonane. \u017badne gotowce, pe\u0142ne stereotyp\u00f3w i \u0142opatologii. Intryguj\u0105ce i motywuj\u0105ce do samodzielnej refleksji. Dobrze, \u017ce s\u0105! &nbsp;&nbsp;<\/p>\n","protected":false},"excerpt":{"rendered":"<p>Banery na naszym ko\u015bciele. Zawsze autorskie. Samodzielnie wykonane. \u017badne gotowce, pe\u0142ne stereotyp\u00f3w i \u0142opatologii. Intryguj\u0105ce i motywuj\u0105ce&#8230;<\/p>\n","protected":false},"author":2,"featured_media":14641,"comment_status":"open","ping_status":"open","sticky":false,"template":"","format":"standard","meta":{"_tbt_post_transparent":"","_tbt_post_title":"","_tbt_post_layout":"","_tbt_post_sidebar_id":"","_tbt_post_content_style":"","_tbt_post_vertical_padding":"","_tbt_post_feature":"","_tbt_post_feature_position":"","_tbt_post_header":false,"_tbt_post_footer":false},"categories":[34],"tags":[],"class_list":["post-14640","post","type-post","status-publish","format-standard","has-post-thumbnail","hentry","category-aktualnosci"],"_links":{"self":[{"href":"https:\/\/swietyjerzy.elblag.pl\/index.php\/wp-json\/wp\/v2\/posts\/14640","targetHints":{"allow":["GET"]}}],"collection":[{"href":"https:\/\/swietyjerzy.elblag.pl\/index.php\/wp-json\/wp\/v2\/posts"}],"about":[{"href":"https:\/\/swietyjerzy.elblag.pl\/index.php\/wp-json\/wp\/v2\/types\/post"}],"author":[{"embeddable":true,"href":"https:\/\/swietyjerzy.elblag.pl\/index.php\/wp-json\/wp\/v2\/users\/2"}],"replies":[{"embeddable":true,"href":"https:\/\/swietyjerzy.elblag.pl\/index.php\/wp-json\/wp\/v2\/comments?post=14640"}],"version-history":[{"count":1,"href":"https:\/\/swietyjerzy.elblag.pl\/index.php\/wp-json\/wp\/v2\/posts\/14640\/revisions"}],"predecessor-version":[{"id":14642,"href":"https:\/\/swietyjerzy.elblag.pl\/index.php\/wp-json\/wp\/v2\/posts\/14640\/revisions\/14642"}],"wp:featuredmedia":[{"embeddable":true,"href":"https:\/\/swietyjerzy.elblag.pl\/index.php\/wp-json\/wp\/v2\/media\/14641"}],"wp:attachment":[{"href":"https:\/\/swietyjerzy.elblag.pl\/index.php\/wp-json\/wp\/v2\/media?parent=14640"}],"wp:term":[{"taxonomy":"category","embeddable":true,"href":"https:\/\/swietyjerzy.elblag.pl\/index.php\/wp-json\/wp\/v2\/categories?post=14640"},{"taxonomy":"post_tag","embeddable":true,"href":"https:\/\/swietyjerzy.elblag.pl\/index.php\/wp-json\/wp\/v2\/tags?post=14640"}],"curies":[{"name":"wp","href":"https:\/\/api.w.org\/{rel}","templated":true}]}}