{"id":14635,"date":"2025-11-04T10:09:48","date_gmt":"2025-11-04T10:09:48","guid":{"rendered":"https:\/\/swietyjerzy.elblag.pl\/?p=14635"},"modified":"2025-11-04T10:09:49","modified_gmt":"2025-11-04T10:09:49","slug":"meskie-nieszpory","status":"publish","type":"post","link":"https:\/\/swietyjerzy.elblag.pl\/index.php\/2025\/11\/04\/meskie-nieszpory\/","title":{"rendered":"M\u0118SKIE NIESZPORY"},"content":{"rendered":"\n<p>Tym razem \u017ca\u0142obne. Z nowym trybularzem i zabytkow\u0105 \u0142\u00f3dk\u0105 kadzieln\u0105. Z \u201eSalve Regina\u201d po \u0142acinie na ich zako\u0144czenie. Zapraszamy. Co poniedzia\u0142ek o godz. 17.30.<\/p>\n","protected":false},"excerpt":{"rendered":"<p>Tym razem \u017ca\u0142obne. Z nowym trybularzem i zabytkow\u0105 \u0142\u00f3dk\u0105 kadzieln\u0105. Z \u201eSalve Regina\u201d po \u0142acinie na ich&#8230;<\/p>\n","protected":false},"author":2,"featured_media":14636,"comment_status":"open","ping_status":"open","sticky":false,"template":"","format":"standard","meta":{"_tbt_post_transparent":"","_tbt_post_title":"","_tbt_post_layout":"","_tbt_post_sidebar_id":"","_tbt_post_content_style":"","_tbt_post_vertical_padding":"","_tbt_post_feature":"","_tbt_post_feature_position":"","_tbt_post_header":false,"_tbt_post_footer":false},"categories":[34],"tags":[],"class_list":["post-14635","post","type-post","status-publish","format-standard","has-post-thumbnail","hentry","category-aktualnosci"],"_links":{"self":[{"href":"https:\/\/swietyjerzy.elblag.pl\/index.php\/wp-json\/wp\/v2\/posts\/14635","targetHints":{"allow":["GET"]}}],"collection":[{"href":"https:\/\/swietyjerzy.elblag.pl\/index.php\/wp-json\/wp\/v2\/posts"}],"about":[{"href":"https:\/\/swietyjerzy.elblag.pl\/index.php\/wp-json\/wp\/v2\/types\/post"}],"author":[{"embeddable":true,"href":"https:\/\/swietyjerzy.elblag.pl\/index.php\/wp-json\/wp\/v2\/users\/2"}],"replies":[{"embeddable":true,"href":"https:\/\/swietyjerzy.elblag.pl\/index.php\/wp-json\/wp\/v2\/comments?post=14635"}],"version-history":[{"count":1,"href":"https:\/\/swietyjerzy.elblag.pl\/index.php\/wp-json\/wp\/v2\/posts\/14635\/revisions"}],"predecessor-version":[{"id":14637,"href":"https:\/\/swietyjerzy.elblag.pl\/index.php\/wp-json\/wp\/v2\/posts\/14635\/revisions\/14637"}],"wp:featuredmedia":[{"embeddable":true,"href":"https:\/\/swietyjerzy.elblag.pl\/index.php\/wp-json\/wp\/v2\/media\/14636"}],"wp:attachment":[{"href":"https:\/\/swietyjerzy.elblag.pl\/index.php\/wp-json\/wp\/v2\/media?parent=14635"}],"wp:term":[{"taxonomy":"category","embeddable":true,"href":"https:\/\/swietyjerzy.elblag.pl\/index.php\/wp-json\/wp\/v2\/categories?post=14635"},{"taxonomy":"post_tag","embeddable":true,"href":"https:\/\/swietyjerzy.elblag.pl\/index.php\/wp-json\/wp\/v2\/tags?post=14635"}],"curies":[{"name":"wp","href":"https:\/\/api.w.org\/{rel}","templated":true}]}}