{"id":14623,"date":"2025-10-20T05:40:21","date_gmt":"2025-10-20T05:40:21","guid":{"rendered":"https:\/\/swietyjerzy.elblag.pl\/?p=14623"},"modified":"2025-10-20T05:40:21","modified_gmt":"2025-10-20T05:40:21","slug":"557","status":"publish","type":"post","link":"https:\/\/swietyjerzy.elblag.pl\/index.php\/2025\/10\/20\/557\/","title":{"rendered":"557"},"content":{"rendered":"\n<p>Tylu nas by\u0142o wczoraj w ko\u015bciele na Mszy \u015aw. o godz. 11.30. Og\u00f3lnie, w niedziel\u0119 liczenia wiernych w Polsce, zanotowali\u015bmy 2,5% wzrost obecno\u015bci w por\u00f3wnaniu do poprzedniego roku. Dzi\u0119kujemy.<\/p>\n","protected":false},"excerpt":{"rendered":"<p>Tylu nas by\u0142o wczoraj w ko\u015bciele na Mszy \u015aw. o godz. 11.30. Og\u00f3lnie, w niedziel\u0119 liczenia wiernych&#8230;<\/p>\n","protected":false},"author":2,"featured_media":14624,"comment_status":"open","ping_status":"open","sticky":false,"template":"","format":"standard","meta":{"_tbt_post_transparent":"","_tbt_post_title":"","_tbt_post_layout":"","_tbt_post_sidebar_id":"","_tbt_post_content_style":"","_tbt_post_vertical_padding":"","_tbt_post_feature":"","_tbt_post_feature_position":"","_tbt_post_header":false,"_tbt_post_footer":false},"categories":[34],"tags":[],"class_list":["post-14623","post","type-post","status-publish","format-standard","has-post-thumbnail","hentry","category-aktualnosci"],"_links":{"self":[{"href":"https:\/\/swietyjerzy.elblag.pl\/index.php\/wp-json\/wp\/v2\/posts\/14623","targetHints":{"allow":["GET"]}}],"collection":[{"href":"https:\/\/swietyjerzy.elblag.pl\/index.php\/wp-json\/wp\/v2\/posts"}],"about":[{"href":"https:\/\/swietyjerzy.elblag.pl\/index.php\/wp-json\/wp\/v2\/types\/post"}],"author":[{"embeddable":true,"href":"https:\/\/swietyjerzy.elblag.pl\/index.php\/wp-json\/wp\/v2\/users\/2"}],"replies":[{"embeddable":true,"href":"https:\/\/swietyjerzy.elblag.pl\/index.php\/wp-json\/wp\/v2\/comments?post=14623"}],"version-history":[{"count":1,"href":"https:\/\/swietyjerzy.elblag.pl\/index.php\/wp-json\/wp\/v2\/posts\/14623\/revisions"}],"predecessor-version":[{"id":14625,"href":"https:\/\/swietyjerzy.elblag.pl\/index.php\/wp-json\/wp\/v2\/posts\/14623\/revisions\/14625"}],"wp:featuredmedia":[{"embeddable":true,"href":"https:\/\/swietyjerzy.elblag.pl\/index.php\/wp-json\/wp\/v2\/media\/14624"}],"wp:attachment":[{"href":"https:\/\/swietyjerzy.elblag.pl\/index.php\/wp-json\/wp\/v2\/media?parent=14623"}],"wp:term":[{"taxonomy":"category","embeddable":true,"href":"https:\/\/swietyjerzy.elblag.pl\/index.php\/wp-json\/wp\/v2\/categories?post=14623"},{"taxonomy":"post_tag","embeddable":true,"href":"https:\/\/swietyjerzy.elblag.pl\/index.php\/wp-json\/wp\/v2\/tags?post=14623"}],"curies":[{"name":"wp","href":"https:\/\/api.w.org\/{rel}","templated":true}]}}