{"id":14617,"date":"2025-10-14T04:34:04","date_gmt":"2025-10-14T04:34:04","guid":{"rendered":"https:\/\/swietyjerzy.elblag.pl\/?p=14617"},"modified":"2025-10-14T04:34:05","modified_gmt":"2025-10-14T04:34:05","slug":"na-wyciagniecie-reki","status":"publish","type":"post","link":"https:\/\/swietyjerzy.elblag.pl\/index.php\/2025\/10\/14\/na-wyciagniecie-reki\/","title":{"rendered":"NA WYCI\u0104GNI\u0118CIE R\u0118KI"},"content":{"rendered":"\n<p>Kamie\u0144 w\u0119gielny naszego ko\u015bcio\u0142a. Z grobu \u015bw. Piotra. Z certyfikatem i b\u0142ogos\u0142awie\u0144stwem Jana Paw\u0142a II. Pod\u015bwietlony. Na czerwonej poduszce. Na wyci\u0105gni\u0119cie r\u0119ki. Dos\u0142ownie. Ju\u017c w niedziel\u0119 26 pa\u017adziernika!&nbsp;&nbsp;<\/p>\n","protected":false},"excerpt":{"rendered":"<p>Kamie\u0144 w\u0119gielny naszego ko\u015bcio\u0142a. Z grobu \u015bw. Piotra. Z certyfikatem i b\u0142ogos\u0142awie\u0144stwem Jana Paw\u0142a II. Pod\u015bwietlony. Na&#8230;<\/p>\n","protected":false},"author":2,"featured_media":14618,"comment_status":"open","ping_status":"open","sticky":false,"template":"","format":"standard","meta":{"_tbt_post_transparent":"","_tbt_post_title":"","_tbt_post_layout":"","_tbt_post_sidebar_id":"","_tbt_post_content_style":"","_tbt_post_vertical_padding":"","_tbt_post_feature":"","_tbt_post_feature_position":"","_tbt_post_header":false,"_tbt_post_footer":false},"categories":[34],"tags":[],"class_list":["post-14617","post","type-post","status-publish","format-standard","has-post-thumbnail","hentry","category-aktualnosci"],"_links":{"self":[{"href":"https:\/\/swietyjerzy.elblag.pl\/index.php\/wp-json\/wp\/v2\/posts\/14617","targetHints":{"allow":["GET"]}}],"collection":[{"href":"https:\/\/swietyjerzy.elblag.pl\/index.php\/wp-json\/wp\/v2\/posts"}],"about":[{"href":"https:\/\/swietyjerzy.elblag.pl\/index.php\/wp-json\/wp\/v2\/types\/post"}],"author":[{"embeddable":true,"href":"https:\/\/swietyjerzy.elblag.pl\/index.php\/wp-json\/wp\/v2\/users\/2"}],"replies":[{"embeddable":true,"href":"https:\/\/swietyjerzy.elblag.pl\/index.php\/wp-json\/wp\/v2\/comments?post=14617"}],"version-history":[{"count":1,"href":"https:\/\/swietyjerzy.elblag.pl\/index.php\/wp-json\/wp\/v2\/posts\/14617\/revisions"}],"predecessor-version":[{"id":14619,"href":"https:\/\/swietyjerzy.elblag.pl\/index.php\/wp-json\/wp\/v2\/posts\/14617\/revisions\/14619"}],"wp:featuredmedia":[{"embeddable":true,"href":"https:\/\/swietyjerzy.elblag.pl\/index.php\/wp-json\/wp\/v2\/media\/14618"}],"wp:attachment":[{"href":"https:\/\/swietyjerzy.elblag.pl\/index.php\/wp-json\/wp\/v2\/media?parent=14617"}],"wp:term":[{"taxonomy":"category","embeddable":true,"href":"https:\/\/swietyjerzy.elblag.pl\/index.php\/wp-json\/wp\/v2\/categories?post=14617"},{"taxonomy":"post_tag","embeddable":true,"href":"https:\/\/swietyjerzy.elblag.pl\/index.php\/wp-json\/wp\/v2\/tags?post=14617"}],"curies":[{"name":"wp","href":"https:\/\/api.w.org\/{rel}","templated":true}]}}