{"id":14605,"date":"2025-10-02T04:40:42","date_gmt":"2025-10-02T04:40:42","guid":{"rendered":"https:\/\/swietyjerzy.elblag.pl\/?p=14605"},"modified":"2025-10-02T04:40:43","modified_gmt":"2025-10-02T04:40:43","slug":"dane-o-lekcjach-religii","status":"publish","type":"post","link":"https:\/\/swietyjerzy.elblag.pl\/index.php\/2025\/10\/02\/dane-o-lekcjach-religii\/","title":{"rendered":"DANE O LEKCJACH RELIGII"},"content":{"rendered":"\n<p>W naszej parafii. W SP4 po\u0142\u0105czy\u0107 trzeba by\u0142o dwie klasy \u00f3sme. Wszystkie pozosta\u0142e klasy maj\u0105 lekcje religii normalnie. Tak samo \u2013 wszystkie klasy maj\u0105 katechizacj\u0119 \u2013 jest w szkole muzycznej i w o\u015brodku przy ul. Polnej. Pe\u0142ne etaty maj\u0105 katechetki, ksi\u0119\u017ca ucz\u0105 na p\u00f3\u0142 etatu. &nbsp;&nbsp;&nbsp;&nbsp;&nbsp;&nbsp;&nbsp;<\/p>\n","protected":false},"excerpt":{"rendered":"<p>W naszej parafii. W SP4 po\u0142\u0105czy\u0107 trzeba by\u0142o dwie klasy \u00f3sme. Wszystkie pozosta\u0142e klasy maj\u0105 lekcje religii&#8230;<\/p>\n","protected":false},"author":2,"featured_media":14606,"comment_status":"open","ping_status":"open","sticky":false,"template":"","format":"standard","meta":{"_tbt_post_transparent":"","_tbt_post_title":"","_tbt_post_layout":"","_tbt_post_sidebar_id":"","_tbt_post_content_style":"","_tbt_post_vertical_padding":"","_tbt_post_feature":"","_tbt_post_feature_position":"","_tbt_post_header":false,"_tbt_post_footer":false},"categories":[34],"tags":[],"class_list":["post-14605","post","type-post","status-publish","format-standard","has-post-thumbnail","hentry","category-aktualnosci"],"_links":{"self":[{"href":"https:\/\/swietyjerzy.elblag.pl\/index.php\/wp-json\/wp\/v2\/posts\/14605","targetHints":{"allow":["GET"]}}],"collection":[{"href":"https:\/\/swietyjerzy.elblag.pl\/index.php\/wp-json\/wp\/v2\/posts"}],"about":[{"href":"https:\/\/swietyjerzy.elblag.pl\/index.php\/wp-json\/wp\/v2\/types\/post"}],"author":[{"embeddable":true,"href":"https:\/\/swietyjerzy.elblag.pl\/index.php\/wp-json\/wp\/v2\/users\/2"}],"replies":[{"embeddable":true,"href":"https:\/\/swietyjerzy.elblag.pl\/index.php\/wp-json\/wp\/v2\/comments?post=14605"}],"version-history":[{"count":1,"href":"https:\/\/swietyjerzy.elblag.pl\/index.php\/wp-json\/wp\/v2\/posts\/14605\/revisions"}],"predecessor-version":[{"id":14607,"href":"https:\/\/swietyjerzy.elblag.pl\/index.php\/wp-json\/wp\/v2\/posts\/14605\/revisions\/14607"}],"wp:featuredmedia":[{"embeddable":true,"href":"https:\/\/swietyjerzy.elblag.pl\/index.php\/wp-json\/wp\/v2\/media\/14606"}],"wp:attachment":[{"href":"https:\/\/swietyjerzy.elblag.pl\/index.php\/wp-json\/wp\/v2\/media?parent=14605"}],"wp:term":[{"taxonomy":"category","embeddable":true,"href":"https:\/\/swietyjerzy.elblag.pl\/index.php\/wp-json\/wp\/v2\/categories?post=14605"},{"taxonomy":"post_tag","embeddable":true,"href":"https:\/\/swietyjerzy.elblag.pl\/index.php\/wp-json\/wp\/v2\/tags?post=14605"}],"curies":[{"name":"wp","href":"https:\/\/api.w.org\/{rel}","templated":true}]}}