{"id":14596,"date":"2025-09-25T05:02:00","date_gmt":"2025-09-25T05:02:00","guid":{"rendered":"https:\/\/swietyjerzy.elblag.pl\/?p=14596"},"modified":"2025-09-25T05:02:01","modified_gmt":"2025-09-25T05:02:01","slug":"rodzice-konfirmowanych","status":"publish","type":"post","link":"https:\/\/swietyjerzy.elblag.pl\/index.php\/2025\/09\/25\/rodzice-konfirmowanych\/","title":{"rendered":"RODZICE KONFIRMOWANYCH"},"content":{"rendered":"\n<p>Spotkali\u015bmy si\u0119 z rodzicami m\u0142odzie\u017cy, kt\u00f3ra rozpoczyna drugi rok przygotowania do bierzmowania. Konsekwentnie u\u017cywali\u015bmy okre\u015blenia konfirmacja a nie bierzmowanie. W tym sakramencie nie chodzi bowiem tylko o mo\u017cliwo\u015b\u0107 bycia rodzicem chrzestnym czy brak trudno\u015bci w zawarciu ma\u0142\u017ce\u0144stwa. \u0141aci\u0144skie \u201econfirmatio\u201d znaczy potwierdzenie tego, co rodzice zrobili na chrzcie \u015bw. Ju\u017c samodzielnie, wchodz\u0105c w doros\u0142o\u015b\u0107. &nbsp;&nbsp;&nbsp;&nbsp;&nbsp;&nbsp;&nbsp;&nbsp;&nbsp;<\/p>\n","protected":false},"excerpt":{"rendered":"<p>Spotkali\u015bmy si\u0119 z rodzicami m\u0142odzie\u017cy, kt\u00f3ra rozpoczyna drugi rok przygotowania do bierzmowania. Konsekwentnie u\u017cywali\u015bmy okre\u015blenia konfirmacja a&#8230;<\/p>\n","protected":false},"author":2,"featured_media":14597,"comment_status":"open","ping_status":"open","sticky":false,"template":"","format":"standard","meta":{"_tbt_post_transparent":"","_tbt_post_title":"","_tbt_post_layout":"","_tbt_post_sidebar_id":"","_tbt_post_content_style":"","_tbt_post_vertical_padding":"","_tbt_post_feature":"","_tbt_post_feature_position":"","_tbt_post_header":false,"_tbt_post_footer":false},"categories":[34],"tags":[],"class_list":["post-14596","post","type-post","status-publish","format-standard","has-post-thumbnail","hentry","category-aktualnosci"],"_links":{"self":[{"href":"https:\/\/swietyjerzy.elblag.pl\/index.php\/wp-json\/wp\/v2\/posts\/14596","targetHints":{"allow":["GET"]}}],"collection":[{"href":"https:\/\/swietyjerzy.elblag.pl\/index.php\/wp-json\/wp\/v2\/posts"}],"about":[{"href":"https:\/\/swietyjerzy.elblag.pl\/index.php\/wp-json\/wp\/v2\/types\/post"}],"author":[{"embeddable":true,"href":"https:\/\/swietyjerzy.elblag.pl\/index.php\/wp-json\/wp\/v2\/users\/2"}],"replies":[{"embeddable":true,"href":"https:\/\/swietyjerzy.elblag.pl\/index.php\/wp-json\/wp\/v2\/comments?post=14596"}],"version-history":[{"count":1,"href":"https:\/\/swietyjerzy.elblag.pl\/index.php\/wp-json\/wp\/v2\/posts\/14596\/revisions"}],"predecessor-version":[{"id":14598,"href":"https:\/\/swietyjerzy.elblag.pl\/index.php\/wp-json\/wp\/v2\/posts\/14596\/revisions\/14598"}],"wp:featuredmedia":[{"embeddable":true,"href":"https:\/\/swietyjerzy.elblag.pl\/index.php\/wp-json\/wp\/v2\/media\/14597"}],"wp:attachment":[{"href":"https:\/\/swietyjerzy.elblag.pl\/index.php\/wp-json\/wp\/v2\/media?parent=14596"}],"wp:term":[{"taxonomy":"category","embeddable":true,"href":"https:\/\/swietyjerzy.elblag.pl\/index.php\/wp-json\/wp\/v2\/categories?post=14596"},{"taxonomy":"post_tag","embeddable":true,"href":"https:\/\/swietyjerzy.elblag.pl\/index.php\/wp-json\/wp\/v2\/tags?post=14596"}],"curies":[{"name":"wp","href":"https:\/\/api.w.org\/{rel}","templated":true}]}}