{"id":14593,"date":"2025-09-23T07:28:10","date_gmt":"2025-09-23T07:28:10","guid":{"rendered":"https:\/\/swietyjerzy.elblag.pl\/?p=14593"},"modified":"2025-09-23T07:28:10","modified_gmt":"2025-09-23T07:28:10","slug":"cymesy-magazynow-koscielnych","status":"publish","type":"post","link":"https:\/\/swietyjerzy.elblag.pl\/index.php\/2025\/09\/23\/cymesy-magazynow-koscielnych\/","title":{"rendered":"CYMESY MAGAZYN\u00d3W KO\u015aCIELNYCH"},"content":{"rendered":"\n<p>Przy okazji porz\u0105dkowania pomieszcze\u0144 pod prezbiterium mo\u017cna by\u0142oby nagra\u0107 reality show: \u201eWojny magazynowe\u201d. Ko\u015bcielne wojny magazynowe. Szkoda, \u017ce tego nie zrobili\u015bmy. Ciekawe ja wygl\u0105da\u0142aby licytacja i czy znale\u017aliby si\u0119 licytuj\u0105cy. Za nami trzecia ju\u017c tura segregacji, magazynowania, wywo\u017cenia, budowania p\u00f3\u0142ek i stojak\u00f3w. Wkr\u00f3tce czeka malowanie. Dzi\u0119kujemy za pomoc! &nbsp;&nbsp;&nbsp;&nbsp;&nbsp;&nbsp;&nbsp;&nbsp;<\/p>\n","protected":false},"excerpt":{"rendered":"<p>Przy okazji porz\u0105dkowania pomieszcze\u0144 pod prezbiterium mo\u017cna by\u0142oby nagra\u0107 reality show: \u201eWojny magazynowe\u201d. Ko\u015bcielne wojny magazynowe. Szkoda,&#8230;<\/p>\n","protected":false},"author":2,"featured_media":14594,"comment_status":"open","ping_status":"open","sticky":false,"template":"","format":"standard","meta":{"_tbt_post_transparent":"","_tbt_post_title":"","_tbt_post_layout":"","_tbt_post_sidebar_id":"","_tbt_post_content_style":"","_tbt_post_vertical_padding":"","_tbt_post_feature":"","_tbt_post_feature_position":"","_tbt_post_header":false,"_tbt_post_footer":false},"categories":[34],"tags":[],"class_list":["post-14593","post","type-post","status-publish","format-standard","has-post-thumbnail","hentry","category-aktualnosci"],"_links":{"self":[{"href":"https:\/\/swietyjerzy.elblag.pl\/index.php\/wp-json\/wp\/v2\/posts\/14593","targetHints":{"allow":["GET"]}}],"collection":[{"href":"https:\/\/swietyjerzy.elblag.pl\/index.php\/wp-json\/wp\/v2\/posts"}],"about":[{"href":"https:\/\/swietyjerzy.elblag.pl\/index.php\/wp-json\/wp\/v2\/types\/post"}],"author":[{"embeddable":true,"href":"https:\/\/swietyjerzy.elblag.pl\/index.php\/wp-json\/wp\/v2\/users\/2"}],"replies":[{"embeddable":true,"href":"https:\/\/swietyjerzy.elblag.pl\/index.php\/wp-json\/wp\/v2\/comments?post=14593"}],"version-history":[{"count":1,"href":"https:\/\/swietyjerzy.elblag.pl\/index.php\/wp-json\/wp\/v2\/posts\/14593\/revisions"}],"predecessor-version":[{"id":14595,"href":"https:\/\/swietyjerzy.elblag.pl\/index.php\/wp-json\/wp\/v2\/posts\/14593\/revisions\/14595"}],"wp:featuredmedia":[{"embeddable":true,"href":"https:\/\/swietyjerzy.elblag.pl\/index.php\/wp-json\/wp\/v2\/media\/14594"}],"wp:attachment":[{"href":"https:\/\/swietyjerzy.elblag.pl\/index.php\/wp-json\/wp\/v2\/media?parent=14593"}],"wp:term":[{"taxonomy":"category","embeddable":true,"href":"https:\/\/swietyjerzy.elblag.pl\/index.php\/wp-json\/wp\/v2\/categories?post=14593"},{"taxonomy":"post_tag","embeddable":true,"href":"https:\/\/swietyjerzy.elblag.pl\/index.php\/wp-json\/wp\/v2\/tags?post=14593"}],"curies":[{"name":"wp","href":"https:\/\/api.w.org\/{rel}","templated":true}]}}