{"id":14587,"date":"2025-09-18T05:36:38","date_gmt":"2025-09-18T05:36:38","guid":{"rendered":"https:\/\/swietyjerzy.elblag.pl\/?p=14587"},"modified":"2025-09-18T05:36:38","modified_gmt":"2025-09-18T05:36:38","slug":"30-letnie-przydasie","status":"publish","type":"post","link":"https:\/\/swietyjerzy.elblag.pl\/index.php\/2025\/09\/18\/30-letnie-przydasie\/","title":{"rendered":"30-LETNIE PRZYDASIE"},"content":{"rendered":"\n<p>Ko\u015bcielne \u201eprzydasie\u201d. W salkach pod prezbiterium. Czego tam nie by\u0142o: dekoracje, stare nag\u0142o\u015bnienia i o\u015bwietlenia, styropianowe r\u00f3\u017ca\u0144ce, krzy\u017ce, obrazy, gabloty. Obrazy, p\u0142\u00f3tna, chodniki i dywany, koszyki, sztuczne kwiaty, stojaki i \u015bwieczniki. Ko\u0144ca tego nie by\u0142o wida\u0107. Dzi\u0119kujemy za pomoc w sprz\u0105taniu, porz\u0105dkowaniu, budowaniu nowych p\u00f3\u0142ek. Prosz\u0119 wzi\u0105\u0107 przyk\u0142ad i posprz\u0105ta\u0107 u siebie pomieszczenia ze swoimi \u201eprzdasiami\u201d!<\/p>\n","protected":false},"excerpt":{"rendered":"<p>Ko\u015bcielne \u201eprzydasie\u201d. W salkach pod prezbiterium. Czego tam nie by\u0142o: dekoracje, stare nag\u0142o\u015bnienia i o\u015bwietlenia, styropianowe r\u00f3\u017ca\u0144ce,&#8230;<\/p>\n","protected":false},"author":2,"featured_media":14588,"comment_status":"open","ping_status":"open","sticky":false,"template":"","format":"standard","meta":{"_tbt_post_transparent":"","_tbt_post_title":"","_tbt_post_layout":"","_tbt_post_sidebar_id":"","_tbt_post_content_style":"","_tbt_post_vertical_padding":"","_tbt_post_feature":"","_tbt_post_feature_position":"","_tbt_post_header":false,"_tbt_post_footer":false},"categories":[34],"tags":[],"class_list":["post-14587","post","type-post","status-publish","format-standard","has-post-thumbnail","hentry","category-aktualnosci"],"_links":{"self":[{"href":"https:\/\/swietyjerzy.elblag.pl\/index.php\/wp-json\/wp\/v2\/posts\/14587","targetHints":{"allow":["GET"]}}],"collection":[{"href":"https:\/\/swietyjerzy.elblag.pl\/index.php\/wp-json\/wp\/v2\/posts"}],"about":[{"href":"https:\/\/swietyjerzy.elblag.pl\/index.php\/wp-json\/wp\/v2\/types\/post"}],"author":[{"embeddable":true,"href":"https:\/\/swietyjerzy.elblag.pl\/index.php\/wp-json\/wp\/v2\/users\/2"}],"replies":[{"embeddable":true,"href":"https:\/\/swietyjerzy.elblag.pl\/index.php\/wp-json\/wp\/v2\/comments?post=14587"}],"version-history":[{"count":1,"href":"https:\/\/swietyjerzy.elblag.pl\/index.php\/wp-json\/wp\/v2\/posts\/14587\/revisions"}],"predecessor-version":[{"id":14589,"href":"https:\/\/swietyjerzy.elblag.pl\/index.php\/wp-json\/wp\/v2\/posts\/14587\/revisions\/14589"}],"wp:featuredmedia":[{"embeddable":true,"href":"https:\/\/swietyjerzy.elblag.pl\/index.php\/wp-json\/wp\/v2\/media\/14588"}],"wp:attachment":[{"href":"https:\/\/swietyjerzy.elblag.pl\/index.php\/wp-json\/wp\/v2\/media?parent=14587"}],"wp:term":[{"taxonomy":"category","embeddable":true,"href":"https:\/\/swietyjerzy.elblag.pl\/index.php\/wp-json\/wp\/v2\/categories?post=14587"},{"taxonomy":"post_tag","embeddable":true,"href":"https:\/\/swietyjerzy.elblag.pl\/index.php\/wp-json\/wp\/v2\/tags?post=14587"}],"curies":[{"name":"wp","href":"https:\/\/api.w.org\/{rel}","templated":true}]}}