{"id":14578,"date":"2025-09-11T06:55:33","date_gmt":"2025-09-11T06:55:33","guid":{"rendered":"https:\/\/swietyjerzy.elblag.pl\/?p=14578"},"modified":"2025-09-11T06:55:34","modified_gmt":"2025-09-11T06:55:34","slug":"proby-rozpoczete","status":"publish","type":"post","link":"https:\/\/swietyjerzy.elblag.pl\/index.php\/2025\/09\/11\/proby-rozpoczete\/","title":{"rendered":"PR\u00d3BY ROZPOCZ\u0118TE"},"content":{"rendered":"\n<p>Chodzi oczywi\u015bcie o nasz ch\u00f3r. O grup\u0119 zdolnych i ambitnych ludzi, kt\u00f3rzy chc\u0105 upi\u0119kszy\u0107 liturgi\u0119 naszej parafii. Widzimy i s\u0142yszymy to ka\u017cdego roku podczas Triduum. Zapraszamy ch\u0119tnych. Szczeg\u00f3\u0142y wkr\u00f3tce.<\/p>\n","protected":false},"excerpt":{"rendered":"<p>Chodzi oczywi\u015bcie o nasz ch\u00f3r. O grup\u0119 zdolnych i ambitnych ludzi, kt\u00f3rzy chc\u0105 upi\u0119kszy\u0107 liturgi\u0119 naszej parafii&#8230;.<\/p>\n","protected":false},"author":2,"featured_media":14579,"comment_status":"open","ping_status":"open","sticky":false,"template":"","format":"standard","meta":{"_tbt_post_transparent":"","_tbt_post_title":"","_tbt_post_layout":"","_tbt_post_sidebar_id":"","_tbt_post_content_style":"","_tbt_post_vertical_padding":"","_tbt_post_feature":"","_tbt_post_feature_position":"","_tbt_post_header":false,"_tbt_post_footer":false},"categories":[34],"tags":[],"class_list":["post-14578","post","type-post","status-publish","format-standard","has-post-thumbnail","hentry","category-aktualnosci"],"_links":{"self":[{"href":"https:\/\/swietyjerzy.elblag.pl\/index.php\/wp-json\/wp\/v2\/posts\/14578","targetHints":{"allow":["GET"]}}],"collection":[{"href":"https:\/\/swietyjerzy.elblag.pl\/index.php\/wp-json\/wp\/v2\/posts"}],"about":[{"href":"https:\/\/swietyjerzy.elblag.pl\/index.php\/wp-json\/wp\/v2\/types\/post"}],"author":[{"embeddable":true,"href":"https:\/\/swietyjerzy.elblag.pl\/index.php\/wp-json\/wp\/v2\/users\/2"}],"replies":[{"embeddable":true,"href":"https:\/\/swietyjerzy.elblag.pl\/index.php\/wp-json\/wp\/v2\/comments?post=14578"}],"version-history":[{"count":1,"href":"https:\/\/swietyjerzy.elblag.pl\/index.php\/wp-json\/wp\/v2\/posts\/14578\/revisions"}],"predecessor-version":[{"id":14580,"href":"https:\/\/swietyjerzy.elblag.pl\/index.php\/wp-json\/wp\/v2\/posts\/14578\/revisions\/14580"}],"wp:featuredmedia":[{"embeddable":true,"href":"https:\/\/swietyjerzy.elblag.pl\/index.php\/wp-json\/wp\/v2\/media\/14579"}],"wp:attachment":[{"href":"https:\/\/swietyjerzy.elblag.pl\/index.php\/wp-json\/wp\/v2\/media?parent=14578"}],"wp:term":[{"taxonomy":"category","embeddable":true,"href":"https:\/\/swietyjerzy.elblag.pl\/index.php\/wp-json\/wp\/v2\/categories?post=14578"},{"taxonomy":"post_tag","embeddable":true,"href":"https:\/\/swietyjerzy.elblag.pl\/index.php\/wp-json\/wp\/v2\/tags?post=14578"}],"curies":[{"name":"wp","href":"https:\/\/api.w.org\/{rel}","templated":true}]}}