{"id":14575,"date":"2025-09-08T04:41:50","date_gmt":"2025-09-08T04:41:50","guid":{"rendered":"https:\/\/swietyjerzy.elblag.pl\/?p=14575"},"modified":"2025-09-08T04:41:51","modified_gmt":"2025-09-08T04:41:51","slug":"gdyby-tak-zawsze","status":"publish","type":"post","link":"https:\/\/swietyjerzy.elblag.pl\/index.php\/2025\/09\/08\/gdyby-tak-zawsze\/","title":{"rendered":"GDYBY TAK ZAWSZE"},"content":{"rendered":"\n<p>by\u0142o rozpocz\u0119cie przygotowa\u0144 do I Komunii \u015awi\u0119tej, z tak\u0105 frekwencj\u0105 jak wczoraj. Nie powinno si\u0119 robi\u0107 tego na pokaz albo kontrolowa\u0107 przez zbieranie podpis\u00f3w w dzienniczkach obecno\u015bci. Doj\u015b\u0107 do \u015bwiadomo\u015bci, \u017ce niedziela bez ko\u015bcio\u0142a jest jako\u015b tak, nie do ko\u0144ca\u2026 &nbsp;&nbsp;<\/p>\n","protected":false},"excerpt":{"rendered":"<p>by\u0142o rozpocz\u0119cie przygotowa\u0144 do I Komunii \u015awi\u0119tej, z tak\u0105 frekwencj\u0105 jak wczoraj. Nie powinno si\u0119 robi\u0107 tego&#8230;<\/p>\n","protected":false},"author":2,"featured_media":14576,"comment_status":"open","ping_status":"open","sticky":false,"template":"","format":"standard","meta":{"_tbt_post_transparent":"","_tbt_post_title":"","_tbt_post_layout":"","_tbt_post_sidebar_id":"","_tbt_post_content_style":"","_tbt_post_vertical_padding":"","_tbt_post_feature":"","_tbt_post_feature_position":"","_tbt_post_header":false,"_tbt_post_footer":false},"categories":[34],"tags":[],"class_list":["post-14575","post","type-post","status-publish","format-standard","has-post-thumbnail","hentry","category-aktualnosci"],"_links":{"self":[{"href":"https:\/\/swietyjerzy.elblag.pl\/index.php\/wp-json\/wp\/v2\/posts\/14575","targetHints":{"allow":["GET"]}}],"collection":[{"href":"https:\/\/swietyjerzy.elblag.pl\/index.php\/wp-json\/wp\/v2\/posts"}],"about":[{"href":"https:\/\/swietyjerzy.elblag.pl\/index.php\/wp-json\/wp\/v2\/types\/post"}],"author":[{"embeddable":true,"href":"https:\/\/swietyjerzy.elblag.pl\/index.php\/wp-json\/wp\/v2\/users\/2"}],"replies":[{"embeddable":true,"href":"https:\/\/swietyjerzy.elblag.pl\/index.php\/wp-json\/wp\/v2\/comments?post=14575"}],"version-history":[{"count":1,"href":"https:\/\/swietyjerzy.elblag.pl\/index.php\/wp-json\/wp\/v2\/posts\/14575\/revisions"}],"predecessor-version":[{"id":14577,"href":"https:\/\/swietyjerzy.elblag.pl\/index.php\/wp-json\/wp\/v2\/posts\/14575\/revisions\/14577"}],"wp:featuredmedia":[{"embeddable":true,"href":"https:\/\/swietyjerzy.elblag.pl\/index.php\/wp-json\/wp\/v2\/media\/14576"}],"wp:attachment":[{"href":"https:\/\/swietyjerzy.elblag.pl\/index.php\/wp-json\/wp\/v2\/media?parent=14575"}],"wp:term":[{"taxonomy":"category","embeddable":true,"href":"https:\/\/swietyjerzy.elblag.pl\/index.php\/wp-json\/wp\/v2\/categories?post=14575"},{"taxonomy":"post_tag","embeddable":true,"href":"https:\/\/swietyjerzy.elblag.pl\/index.php\/wp-json\/wp\/v2\/tags?post=14575"}],"curies":[{"name":"wp","href":"https:\/\/api.w.org\/{rel}","templated":true}]}}