{"id":14568,"date":"2025-09-06T15:33:03","date_gmt":"2025-09-06T15:33:03","guid":{"rendered":"https:\/\/swietyjerzy.elblag.pl\/?p=14568"},"modified":"2025-09-06T15:33:04","modified_gmt":"2025-09-06T15:33:04","slug":"r-w-miesiacu","status":"publish","type":"post","link":"https:\/\/swietyjerzy.elblag.pl\/index.php\/2025\/09\/06\/r-w-miesiacu\/","title":{"rendered":"\u201eR\u201d W MIESI\u0104CU"},"content":{"rendered":"\n<p>wi\u0119c \u015blub\u00f3w wi\u0119cej. Dzi\u015b znowu dwa. Z zabobonami trzeba walczy\u0107 ale i nie demonizowa\u0107 ich znaczenia. Najwa\u017cniejsze, \u017ce m\u0142odzi chc\u0105 bra\u0107 \u015blub w ko\u015bciele i \u017ce robi\u0105 to uroczy\u015bcie, w ko\u015bciele, z Bo\u017cym b\u0142ogos\u0142awie\u0144stwem!<\/p>\n","protected":false},"excerpt":{"rendered":"<p>wi\u0119c \u015blub\u00f3w wi\u0119cej. Dzi\u015b znowu dwa. Z zabobonami trzeba walczy\u0107 ale i nie demonizowa\u0107 ich znaczenia. Najwa\u017cniejsze,&#8230;<\/p>\n","protected":false},"author":2,"featured_media":14569,"comment_status":"open","ping_status":"open","sticky":false,"template":"","format":"standard","meta":{"_tbt_post_transparent":"","_tbt_post_title":"","_tbt_post_layout":"","_tbt_post_sidebar_id":"","_tbt_post_content_style":"","_tbt_post_vertical_padding":"","_tbt_post_feature":"","_tbt_post_feature_position":"","_tbt_post_header":false,"_tbt_post_footer":false},"categories":[34],"tags":[],"class_list":["post-14568","post","type-post","status-publish","format-standard","has-post-thumbnail","hentry","category-aktualnosci"],"_links":{"self":[{"href":"https:\/\/swietyjerzy.elblag.pl\/index.php\/wp-json\/wp\/v2\/posts\/14568","targetHints":{"allow":["GET"]}}],"collection":[{"href":"https:\/\/swietyjerzy.elblag.pl\/index.php\/wp-json\/wp\/v2\/posts"}],"about":[{"href":"https:\/\/swietyjerzy.elblag.pl\/index.php\/wp-json\/wp\/v2\/types\/post"}],"author":[{"embeddable":true,"href":"https:\/\/swietyjerzy.elblag.pl\/index.php\/wp-json\/wp\/v2\/users\/2"}],"replies":[{"embeddable":true,"href":"https:\/\/swietyjerzy.elblag.pl\/index.php\/wp-json\/wp\/v2\/comments?post=14568"}],"version-history":[{"count":1,"href":"https:\/\/swietyjerzy.elblag.pl\/index.php\/wp-json\/wp\/v2\/posts\/14568\/revisions"}],"predecessor-version":[{"id":14570,"href":"https:\/\/swietyjerzy.elblag.pl\/index.php\/wp-json\/wp\/v2\/posts\/14568\/revisions\/14570"}],"wp:featuredmedia":[{"embeddable":true,"href":"https:\/\/swietyjerzy.elblag.pl\/index.php\/wp-json\/wp\/v2\/media\/14569"}],"wp:attachment":[{"href":"https:\/\/swietyjerzy.elblag.pl\/index.php\/wp-json\/wp\/v2\/media?parent=14568"}],"wp:term":[{"taxonomy":"category","embeddable":true,"href":"https:\/\/swietyjerzy.elblag.pl\/index.php\/wp-json\/wp\/v2\/categories?post=14568"},{"taxonomy":"post_tag","embeddable":true,"href":"https:\/\/swietyjerzy.elblag.pl\/index.php\/wp-json\/wp\/v2\/tags?post=14568"}],"curies":[{"name":"wp","href":"https:\/\/api.w.org\/{rel}","templated":true}]}}