{"id":14565,"date":"2025-09-04T13:01:58","date_gmt":"2025-09-04T13:01:58","guid":{"rendered":"https:\/\/swietyjerzy.elblag.pl\/?p=14565"},"modified":"2025-09-04T13:01:59","modified_gmt":"2025-09-04T13:01:59","slug":"nowy-baner","status":"publish","type":"post","link":"https:\/\/swietyjerzy.elblag.pl\/index.php\/2025\/09\/04\/nowy-baner\/","title":{"rendered":"NOWY BANER"},"content":{"rendered":"\n<p>Znowu wyci\u0105gni\u0119ty z marketu budowlanego? By\u0142a ju\u017c wkr\u0119tarka, teraz jest sekator. Nic bardziej mylnego. Baner to reklama, transparent, szyld. Ale te\u017c co\u015b, co intryguje, prowokuje, zach\u0119ca do my\u015blenia. Nie jest oczywiste i \u0142opatologiczne. S\u0142u\u017cymy pomoc\u0105. Sekator ju\u017c mamy. W razie czego s\u0142u\u017cymy pomoc\u0105! &nbsp;&nbsp;<\/p>\n","protected":false},"excerpt":{"rendered":"<p>Znowu wyci\u0105gni\u0119ty z marketu budowlanego? By\u0142a ju\u017c wkr\u0119tarka, teraz jest sekator. Nic bardziej mylnego. Baner to reklama,&#8230;<\/p>\n","protected":false},"author":2,"featured_media":14566,"comment_status":"open","ping_status":"open","sticky":false,"template":"","format":"standard","meta":{"_tbt_post_transparent":"","_tbt_post_title":"","_tbt_post_layout":"","_tbt_post_sidebar_id":"","_tbt_post_content_style":"","_tbt_post_vertical_padding":"","_tbt_post_feature":"","_tbt_post_feature_position":"","_tbt_post_header":false,"_tbt_post_footer":false},"categories":[34],"tags":[],"class_list":["post-14565","post","type-post","status-publish","format-standard","has-post-thumbnail","hentry","category-aktualnosci"],"_links":{"self":[{"href":"https:\/\/swietyjerzy.elblag.pl\/index.php\/wp-json\/wp\/v2\/posts\/14565","targetHints":{"allow":["GET"]}}],"collection":[{"href":"https:\/\/swietyjerzy.elblag.pl\/index.php\/wp-json\/wp\/v2\/posts"}],"about":[{"href":"https:\/\/swietyjerzy.elblag.pl\/index.php\/wp-json\/wp\/v2\/types\/post"}],"author":[{"embeddable":true,"href":"https:\/\/swietyjerzy.elblag.pl\/index.php\/wp-json\/wp\/v2\/users\/2"}],"replies":[{"embeddable":true,"href":"https:\/\/swietyjerzy.elblag.pl\/index.php\/wp-json\/wp\/v2\/comments?post=14565"}],"version-history":[{"count":1,"href":"https:\/\/swietyjerzy.elblag.pl\/index.php\/wp-json\/wp\/v2\/posts\/14565\/revisions"}],"predecessor-version":[{"id":14567,"href":"https:\/\/swietyjerzy.elblag.pl\/index.php\/wp-json\/wp\/v2\/posts\/14565\/revisions\/14567"}],"wp:featuredmedia":[{"embeddable":true,"href":"https:\/\/swietyjerzy.elblag.pl\/index.php\/wp-json\/wp\/v2\/media\/14566"}],"wp:attachment":[{"href":"https:\/\/swietyjerzy.elblag.pl\/index.php\/wp-json\/wp\/v2\/media?parent=14565"}],"wp:term":[{"taxonomy":"category","embeddable":true,"href":"https:\/\/swietyjerzy.elblag.pl\/index.php\/wp-json\/wp\/v2\/categories?post=14565"},{"taxonomy":"post_tag","embeddable":true,"href":"https:\/\/swietyjerzy.elblag.pl\/index.php\/wp-json\/wp\/v2\/tags?post=14565"}],"curies":[{"name":"wp","href":"https:\/\/api.w.org\/{rel}","templated":true}]}}