{"id":14562,"date":"2025-09-02T04:46:56","date_gmt":"2025-09-02T04:46:56","guid":{"rendered":"https:\/\/swietyjerzy.elblag.pl\/?p=14562"},"modified":"2025-09-02T04:46:57","modified_gmt":"2025-09-02T04:46:57","slug":"rozpoczety","status":"publish","type":"post","link":"https:\/\/swietyjerzy.elblag.pl\/index.php\/2025\/09\/02\/rozpoczety\/","title":{"rendered":"ROZPOCZ\u0118TY"},"content":{"rendered":"\n<p>Nowy rok szkolny razem z dzie\u0107mi, nauczycielami i rodzicami z SPSK w Elbl\u0105gu. W ko\u015bciele i Pana Boga. Dla niezorientowanych SPSK to Stowarzyszenie Przyjaci\u00f3\u0142 Szk\u00f3\u0142 Katolickich z ul. Saper\u00f3w. Robi\u0105 kawa\u0142 dobrej roboty!<\/p>\n","protected":false},"excerpt":{"rendered":"<p>Nowy rok szkolny razem z dzie\u0107mi, nauczycielami i rodzicami z SPSK w Elbl\u0105gu. W ko\u015bciele i Pana&#8230;<\/p>\n","protected":false},"author":2,"featured_media":14563,"comment_status":"open","ping_status":"open","sticky":false,"template":"","format":"standard","meta":{"_tbt_post_transparent":"","_tbt_post_title":"","_tbt_post_layout":"","_tbt_post_sidebar_id":"","_tbt_post_content_style":"","_tbt_post_vertical_padding":"","_tbt_post_feature":"","_tbt_post_feature_position":"","_tbt_post_header":false,"_tbt_post_footer":false},"categories":[34],"tags":[],"class_list":["post-14562","post","type-post","status-publish","format-standard","has-post-thumbnail","hentry","category-aktualnosci"],"_links":{"self":[{"href":"https:\/\/swietyjerzy.elblag.pl\/index.php\/wp-json\/wp\/v2\/posts\/14562","targetHints":{"allow":["GET"]}}],"collection":[{"href":"https:\/\/swietyjerzy.elblag.pl\/index.php\/wp-json\/wp\/v2\/posts"}],"about":[{"href":"https:\/\/swietyjerzy.elblag.pl\/index.php\/wp-json\/wp\/v2\/types\/post"}],"author":[{"embeddable":true,"href":"https:\/\/swietyjerzy.elblag.pl\/index.php\/wp-json\/wp\/v2\/users\/2"}],"replies":[{"embeddable":true,"href":"https:\/\/swietyjerzy.elblag.pl\/index.php\/wp-json\/wp\/v2\/comments?post=14562"}],"version-history":[{"count":1,"href":"https:\/\/swietyjerzy.elblag.pl\/index.php\/wp-json\/wp\/v2\/posts\/14562\/revisions"}],"predecessor-version":[{"id":14564,"href":"https:\/\/swietyjerzy.elblag.pl\/index.php\/wp-json\/wp\/v2\/posts\/14562\/revisions\/14564"}],"wp:featuredmedia":[{"embeddable":true,"href":"https:\/\/swietyjerzy.elblag.pl\/index.php\/wp-json\/wp\/v2\/media\/14563"}],"wp:attachment":[{"href":"https:\/\/swietyjerzy.elblag.pl\/index.php\/wp-json\/wp\/v2\/media?parent=14562"}],"wp:term":[{"taxonomy":"category","embeddable":true,"href":"https:\/\/swietyjerzy.elblag.pl\/index.php\/wp-json\/wp\/v2\/categories?post=14562"},{"taxonomy":"post_tag","embeddable":true,"href":"https:\/\/swietyjerzy.elblag.pl\/index.php\/wp-json\/wp\/v2\/tags?post=14562"}],"curies":[{"name":"wp","href":"https:\/\/api.w.org\/{rel}","templated":true}]}}