{"id":14559,"date":"2025-09-01T04:39:58","date_gmt":"2025-09-01T04:39:58","guid":{"rendered":"https:\/\/swietyjerzy.elblag.pl\/?p=14559"},"modified":"2025-09-01T04:39:58","modified_gmt":"2025-09-01T04:39:58","slug":"poranny-fenomen","status":"publish","type":"post","link":"https:\/\/swietyjerzy.elblag.pl\/index.php\/2025\/09\/01\/poranny-fenomen\/","title":{"rendered":"PORANNY FENOMEN"},"content":{"rendered":"\n<p>Na porannej mszy \u015bw. jest nas wi\u0119cej ni\u017c na wieczornej. Od czego to zale\u017cy? Mo\u017ce to zas\u0142uga godziny; atmosfery celebracji; ksi\u0119dza, kt\u00f3ry sprawuje liturgi\u0119. Fakt jest bezsporny. Zapraszamy codziennie o g. 6.30, a w soboty o g. 7.00 \u2013 z \u201eBogurodzic\u0105\u201d na zako\u0144czenie!<\/p>\n","protected":false},"excerpt":{"rendered":"<p>Na porannej mszy \u015bw. jest nas wi\u0119cej ni\u017c na wieczornej. Od czego to zale\u017cy? Mo\u017ce to zas\u0142uga&#8230;<\/p>\n","protected":false},"author":2,"featured_media":14560,"comment_status":"open","ping_status":"open","sticky":false,"template":"","format":"standard","meta":{"_tbt_post_transparent":"","_tbt_post_title":"","_tbt_post_layout":"","_tbt_post_sidebar_id":"","_tbt_post_content_style":"","_tbt_post_vertical_padding":"","_tbt_post_feature":"","_tbt_post_feature_position":"","_tbt_post_header":false,"_tbt_post_footer":false},"categories":[34],"tags":[],"class_list":["post-14559","post","type-post","status-publish","format-standard","has-post-thumbnail","hentry","category-aktualnosci"],"_links":{"self":[{"href":"https:\/\/swietyjerzy.elblag.pl\/index.php\/wp-json\/wp\/v2\/posts\/14559","targetHints":{"allow":["GET"]}}],"collection":[{"href":"https:\/\/swietyjerzy.elblag.pl\/index.php\/wp-json\/wp\/v2\/posts"}],"about":[{"href":"https:\/\/swietyjerzy.elblag.pl\/index.php\/wp-json\/wp\/v2\/types\/post"}],"author":[{"embeddable":true,"href":"https:\/\/swietyjerzy.elblag.pl\/index.php\/wp-json\/wp\/v2\/users\/2"}],"replies":[{"embeddable":true,"href":"https:\/\/swietyjerzy.elblag.pl\/index.php\/wp-json\/wp\/v2\/comments?post=14559"}],"version-history":[{"count":1,"href":"https:\/\/swietyjerzy.elblag.pl\/index.php\/wp-json\/wp\/v2\/posts\/14559\/revisions"}],"predecessor-version":[{"id":14561,"href":"https:\/\/swietyjerzy.elblag.pl\/index.php\/wp-json\/wp\/v2\/posts\/14559\/revisions\/14561"}],"wp:featuredmedia":[{"embeddable":true,"href":"https:\/\/swietyjerzy.elblag.pl\/index.php\/wp-json\/wp\/v2\/media\/14560"}],"wp:attachment":[{"href":"https:\/\/swietyjerzy.elblag.pl\/index.php\/wp-json\/wp\/v2\/media?parent=14559"}],"wp:term":[{"taxonomy":"category","embeddable":true,"href":"https:\/\/swietyjerzy.elblag.pl\/index.php\/wp-json\/wp\/v2\/categories?post=14559"},{"taxonomy":"post_tag","embeddable":true,"href":"https:\/\/swietyjerzy.elblag.pl\/index.php\/wp-json\/wp\/v2\/tags?post=14559"}],"curies":[{"name":"wp","href":"https:\/\/api.w.org\/{rel}","templated":true}]}}