{"id":14553,"date":"2025-08-28T05:54:39","date_gmt":"2025-08-28T05:54:39","guid":{"rendered":"https:\/\/swietyjerzy.elblag.pl\/?p=14553"},"modified":"2025-08-28T05:54:39","modified_gmt":"2025-08-28T05:54:39","slug":"kiedy-chrzcic","status":"publish","type":"post","link":"https:\/\/swietyjerzy.elblag.pl\/index.php\/2025\/08\/28\/kiedy-chrzcic\/","title":{"rendered":"KIEDY CHRZCI\u0106?"},"content":{"rendered":"\n<p>Szybko! By podzi\u0119kowa\u0107 za owoc mi\u0142o\u015bci, za nowe \u017cycie, za dziecko. By da\u0107 mu nie tylko opiek\u0119 czu\u0142o\u015bci i szcz\u0119\u015bcia; troski materialnej o ciuszki, zabawki i wypasiony w\u00f3zek. By od razu troszczy\u0107 si\u0119 o duchowy wymiar swego dziecka. Po co czeka\u0107? I jeszcze walor praktyczny, takie 2-miesi\u0119czne dziecko jest spokojne w ko\u015bciele.&nbsp;<\/p>\n","protected":false},"excerpt":{"rendered":"<p>Szybko! By podzi\u0119kowa\u0107 za owoc mi\u0142o\u015bci, za nowe \u017cycie, za dziecko. By da\u0107 mu nie tylko opiek\u0119&#8230;<\/p>\n","protected":false},"author":2,"featured_media":14554,"comment_status":"open","ping_status":"open","sticky":false,"template":"","format":"standard","meta":{"_tbt_post_transparent":"","_tbt_post_title":"","_tbt_post_layout":"","_tbt_post_sidebar_id":"","_tbt_post_content_style":"","_tbt_post_vertical_padding":"","_tbt_post_feature":"","_tbt_post_feature_position":"","_tbt_post_header":false,"_tbt_post_footer":false},"categories":[34],"tags":[],"class_list":["post-14553","post","type-post","status-publish","format-standard","has-post-thumbnail","hentry","category-aktualnosci"],"_links":{"self":[{"href":"https:\/\/swietyjerzy.elblag.pl\/index.php\/wp-json\/wp\/v2\/posts\/14553","targetHints":{"allow":["GET"]}}],"collection":[{"href":"https:\/\/swietyjerzy.elblag.pl\/index.php\/wp-json\/wp\/v2\/posts"}],"about":[{"href":"https:\/\/swietyjerzy.elblag.pl\/index.php\/wp-json\/wp\/v2\/types\/post"}],"author":[{"embeddable":true,"href":"https:\/\/swietyjerzy.elblag.pl\/index.php\/wp-json\/wp\/v2\/users\/2"}],"replies":[{"embeddable":true,"href":"https:\/\/swietyjerzy.elblag.pl\/index.php\/wp-json\/wp\/v2\/comments?post=14553"}],"version-history":[{"count":1,"href":"https:\/\/swietyjerzy.elblag.pl\/index.php\/wp-json\/wp\/v2\/posts\/14553\/revisions"}],"predecessor-version":[{"id":14555,"href":"https:\/\/swietyjerzy.elblag.pl\/index.php\/wp-json\/wp\/v2\/posts\/14553\/revisions\/14555"}],"wp:featuredmedia":[{"embeddable":true,"href":"https:\/\/swietyjerzy.elblag.pl\/index.php\/wp-json\/wp\/v2\/media\/14554"}],"wp:attachment":[{"href":"https:\/\/swietyjerzy.elblag.pl\/index.php\/wp-json\/wp\/v2\/media?parent=14553"}],"wp:term":[{"taxonomy":"category","embeddable":true,"href":"https:\/\/swietyjerzy.elblag.pl\/index.php\/wp-json\/wp\/v2\/categories?post=14553"},{"taxonomy":"post_tag","embeddable":true,"href":"https:\/\/swietyjerzy.elblag.pl\/index.php\/wp-json\/wp\/v2\/tags?post=14553"}],"curies":[{"name":"wp","href":"https:\/\/api.w.org\/{rel}","templated":true}]}}