{"id":14547,"date":"2025-08-23T06:46:13","date_gmt":"2025-08-23T06:46:13","guid":{"rendered":"https:\/\/swietyjerzy.elblag.pl\/?p=14547"},"modified":"2025-08-23T06:46:14","modified_gmt":"2025-08-23T06:46:14","slug":"po-bozemu","status":"publish","type":"post","link":"https:\/\/swietyjerzy.elblag.pl\/index.php\/2025\/08\/23\/po-bozemu\/","title":{"rendered":"PO BO\u017bEMU"},"content":{"rendered":"\n<p>Mo\u017cna? Mo\u017cna! Podzi\u0119kowa\u0107 Bogu za dar mi\u0142o\u015bci, zakochania i szcz\u0119\u015bcia. Wzi\u0105\u0107 \u015blub w ko\u015bciele. Zaprosi\u0107 go\u015bci weselnych. Wykrzycze\u0107 rado\u015b\u0107 Temu, kt\u00f3ry to sobie \u201ewymy\u015bli\u0142\u201d \u2013 cz\u0142owieka, kobiet\u0119 i m\u0119\u017cczyzn\u0119, rodzin\u0119 i dzieci, szcz\u0119\u015bcie i rado\u015b\u0107. &nbsp;&nbsp;<\/p>\n","protected":false},"excerpt":{"rendered":"<p>Mo\u017cna? Mo\u017cna! Podzi\u0119kowa\u0107 Bogu za dar mi\u0142o\u015bci, zakochania i szcz\u0119\u015bcia. Wzi\u0105\u0107 \u015blub w ko\u015bciele. Zaprosi\u0107 go\u015bci weselnych&#8230;.<\/p>\n","protected":false},"author":2,"featured_media":14548,"comment_status":"open","ping_status":"open","sticky":false,"template":"","format":"standard","meta":{"_tbt_post_transparent":"","_tbt_post_title":"","_tbt_post_layout":"","_tbt_post_sidebar_id":"","_tbt_post_content_style":"","_tbt_post_vertical_padding":"","_tbt_post_feature":"","_tbt_post_feature_position":"","_tbt_post_header":false,"_tbt_post_footer":false},"categories":[34],"tags":[],"class_list":["post-14547","post","type-post","status-publish","format-standard","has-post-thumbnail","hentry","category-aktualnosci"],"_links":{"self":[{"href":"https:\/\/swietyjerzy.elblag.pl\/index.php\/wp-json\/wp\/v2\/posts\/14547","targetHints":{"allow":["GET"]}}],"collection":[{"href":"https:\/\/swietyjerzy.elblag.pl\/index.php\/wp-json\/wp\/v2\/posts"}],"about":[{"href":"https:\/\/swietyjerzy.elblag.pl\/index.php\/wp-json\/wp\/v2\/types\/post"}],"author":[{"embeddable":true,"href":"https:\/\/swietyjerzy.elblag.pl\/index.php\/wp-json\/wp\/v2\/users\/2"}],"replies":[{"embeddable":true,"href":"https:\/\/swietyjerzy.elblag.pl\/index.php\/wp-json\/wp\/v2\/comments?post=14547"}],"version-history":[{"count":1,"href":"https:\/\/swietyjerzy.elblag.pl\/index.php\/wp-json\/wp\/v2\/posts\/14547\/revisions"}],"predecessor-version":[{"id":14549,"href":"https:\/\/swietyjerzy.elblag.pl\/index.php\/wp-json\/wp\/v2\/posts\/14547\/revisions\/14549"}],"wp:featuredmedia":[{"embeddable":true,"href":"https:\/\/swietyjerzy.elblag.pl\/index.php\/wp-json\/wp\/v2\/media\/14548"}],"wp:attachment":[{"href":"https:\/\/swietyjerzy.elblag.pl\/index.php\/wp-json\/wp\/v2\/media?parent=14547"}],"wp:term":[{"taxonomy":"category","embeddable":true,"href":"https:\/\/swietyjerzy.elblag.pl\/index.php\/wp-json\/wp\/v2\/categories?post=14547"},{"taxonomy":"post_tag","embeddable":true,"href":"https:\/\/swietyjerzy.elblag.pl\/index.php\/wp-json\/wp\/v2\/tags?post=14547"}],"curies":[{"name":"wp","href":"https:\/\/api.w.org\/{rel}","templated":true}]}}