{"id":14543,"date":"2025-08-22T05:57:55","date_gmt":"2025-08-22T05:57:55","guid":{"rendered":"https:\/\/swietyjerzy.elblag.pl\/?p=14543"},"modified":"2025-08-22T05:57:56","modified_gmt":"2025-08-22T05:57:56","slug":"kawal-dobrej-roboty","status":"publish","type":"post","link":"https:\/\/swietyjerzy.elblag.pl\/index.php\/2025\/08\/22\/kawal-dobrej-roboty\/","title":{"rendered":"KAWA\u0141 DOBREJ ROBOTY"},"content":{"rendered":"\n<p>Panie: Sylwia i Agnieszka; ksi\u0119\u017ca: Piotr, Marcin i Kamil \u2013 nasi katecheci. W SP 4, Szkole Muzycznej, SPSK i OSW z Polnej. Ucz\u0105 nie tylko religii. Kszta\u0142tuj\u0105 sumienia, wspieraj\u0105 prac\u0119 wychowawc\u00f3w i pedagog\u00f3w. To dzi\u0119ki nim s\u0142owa odpowiedzialno\u015b\u0107, uczciwo\u015b\u0107, prawo\u015b\u0107 \u2013 nie s\u0105 obce dzieciom i m\u0142odzie\u017cy. &nbsp;<\/p>\n","protected":false},"excerpt":{"rendered":"<p>Panie: Sylwia i Agnieszka; ksi\u0119\u017ca: Piotr, Marcin i Kamil \u2013 nasi katecheci. W SP 4, Szkole Muzycznej,&#8230;<\/p>\n","protected":false},"author":2,"featured_media":14544,"comment_status":"open","ping_status":"open","sticky":false,"template":"","format":"standard","meta":{"_tbt_post_transparent":"","_tbt_post_title":"","_tbt_post_layout":"","_tbt_post_sidebar_id":"","_tbt_post_content_style":"","_tbt_post_vertical_padding":"","_tbt_post_feature":"","_tbt_post_feature_position":"","_tbt_post_header":false,"_tbt_post_footer":false},"categories":[34],"tags":[],"class_list":["post-14543","post","type-post","status-publish","format-standard","has-post-thumbnail","hentry","category-aktualnosci"],"_links":{"self":[{"href":"https:\/\/swietyjerzy.elblag.pl\/index.php\/wp-json\/wp\/v2\/posts\/14543","targetHints":{"allow":["GET"]}}],"collection":[{"href":"https:\/\/swietyjerzy.elblag.pl\/index.php\/wp-json\/wp\/v2\/posts"}],"about":[{"href":"https:\/\/swietyjerzy.elblag.pl\/index.php\/wp-json\/wp\/v2\/types\/post"}],"author":[{"embeddable":true,"href":"https:\/\/swietyjerzy.elblag.pl\/index.php\/wp-json\/wp\/v2\/users\/2"}],"replies":[{"embeddable":true,"href":"https:\/\/swietyjerzy.elblag.pl\/index.php\/wp-json\/wp\/v2\/comments?post=14543"}],"version-history":[{"count":1,"href":"https:\/\/swietyjerzy.elblag.pl\/index.php\/wp-json\/wp\/v2\/posts\/14543\/revisions"}],"predecessor-version":[{"id":14545,"href":"https:\/\/swietyjerzy.elblag.pl\/index.php\/wp-json\/wp\/v2\/posts\/14543\/revisions\/14545"}],"wp:featuredmedia":[{"embeddable":true,"href":"https:\/\/swietyjerzy.elblag.pl\/index.php\/wp-json\/wp\/v2\/media\/14544"}],"wp:attachment":[{"href":"https:\/\/swietyjerzy.elblag.pl\/index.php\/wp-json\/wp\/v2\/media?parent=14543"}],"wp:term":[{"taxonomy":"category","embeddable":true,"href":"https:\/\/swietyjerzy.elblag.pl\/index.php\/wp-json\/wp\/v2\/categories?post=14543"},{"taxonomy":"post_tag","embeddable":true,"href":"https:\/\/swietyjerzy.elblag.pl\/index.php\/wp-json\/wp\/v2\/tags?post=14543"}],"curies":[{"name":"wp","href":"https:\/\/api.w.org\/{rel}","templated":true}]}}