{"id":14540,"date":"2025-08-19T08:10:13","date_gmt":"2025-08-19T08:10:13","guid":{"rendered":"https:\/\/swietyjerzy.elblag.pl\/?p=14540"},"modified":"2025-08-19T08:10:13","modified_gmt":"2025-08-19T08:10:13","slug":"dziwny-lek","status":"publish","type":"post","link":"https:\/\/swietyjerzy.elblag.pl\/index.php\/2025\/08\/19\/dziwny-lek\/","title":{"rendered":"DZIWNY L\u0118K"},"content":{"rendered":"\n<p>Tylko 14 \u015blub\u00f3w b\u0119dzie w tym roku w naszej parafii. Tendencja spadkowa jest ju\u017c d\u0142ugoletnia. To samo dotyczy \u015blub\u00f3w cywilnych. \u017bartowali\u015bmy z urz\u0119dniczkami z USC, ze nied\u0142ugo nie b\u0119dziemy mieli co robi\u0107. Awersja do zalegalizowania zwi\u0105zku, do szukania spoiwa tak\u017ce duchowego \u2013 jest przeogromna. Wsp\u00f3lne mieszkanie, kredyt, dziecko s\u0105 okej, \u015blub &#8211; ju\u017c nie! Cz\u0119sto jest to temat tabu, o kt\u00f3rym nie mo\u017cna rozmawia\u0107.<\/p>\n","protected":false},"excerpt":{"rendered":"<p>Tylko 14 \u015blub\u00f3w b\u0119dzie w tym roku w naszej parafii. Tendencja spadkowa jest ju\u017c d\u0142ugoletnia. To samo&#8230;<\/p>\n","protected":false},"author":2,"featured_media":14541,"comment_status":"open","ping_status":"open","sticky":false,"template":"","format":"standard","meta":{"_tbt_post_transparent":"","_tbt_post_title":"","_tbt_post_layout":"","_tbt_post_sidebar_id":"","_tbt_post_content_style":"","_tbt_post_vertical_padding":"","_tbt_post_feature":"","_tbt_post_feature_position":"","_tbt_post_header":false,"_tbt_post_footer":false},"categories":[34],"tags":[],"class_list":["post-14540","post","type-post","status-publish","format-standard","has-post-thumbnail","hentry","category-aktualnosci"],"_links":{"self":[{"href":"https:\/\/swietyjerzy.elblag.pl\/index.php\/wp-json\/wp\/v2\/posts\/14540","targetHints":{"allow":["GET"]}}],"collection":[{"href":"https:\/\/swietyjerzy.elblag.pl\/index.php\/wp-json\/wp\/v2\/posts"}],"about":[{"href":"https:\/\/swietyjerzy.elblag.pl\/index.php\/wp-json\/wp\/v2\/types\/post"}],"author":[{"embeddable":true,"href":"https:\/\/swietyjerzy.elblag.pl\/index.php\/wp-json\/wp\/v2\/users\/2"}],"replies":[{"embeddable":true,"href":"https:\/\/swietyjerzy.elblag.pl\/index.php\/wp-json\/wp\/v2\/comments?post=14540"}],"version-history":[{"count":1,"href":"https:\/\/swietyjerzy.elblag.pl\/index.php\/wp-json\/wp\/v2\/posts\/14540\/revisions"}],"predecessor-version":[{"id":14542,"href":"https:\/\/swietyjerzy.elblag.pl\/index.php\/wp-json\/wp\/v2\/posts\/14540\/revisions\/14542"}],"wp:featuredmedia":[{"embeddable":true,"href":"https:\/\/swietyjerzy.elblag.pl\/index.php\/wp-json\/wp\/v2\/media\/14541"}],"wp:attachment":[{"href":"https:\/\/swietyjerzy.elblag.pl\/index.php\/wp-json\/wp\/v2\/media?parent=14540"}],"wp:term":[{"taxonomy":"category","embeddable":true,"href":"https:\/\/swietyjerzy.elblag.pl\/index.php\/wp-json\/wp\/v2\/categories?post=14540"},{"taxonomy":"post_tag","embeddable":true,"href":"https:\/\/swietyjerzy.elblag.pl\/index.php\/wp-json\/wp\/v2\/tags?post=14540"}],"curies":[{"name":"wp","href":"https:\/\/api.w.org\/{rel}","templated":true}]}}