{"id":14534,"date":"2025-08-15T08:55:31","date_gmt":"2025-08-15T08:55:31","guid":{"rendered":"https:\/\/swietyjerzy.elblag.pl\/?p=14534"},"modified":"2025-08-15T08:55:31","modified_gmt":"2025-08-15T08:55:31","slug":"obdarowani","status":"publish","type":"post","link":"https:\/\/swietyjerzy.elblag.pl\/index.php\/2025\/08\/15\/obdarowani\/","title":{"rendered":"OBDAROWANI"},"content":{"rendered":"\n<p>Nadziej\u0105 na wniebowzi\u0119cie tak\u017ce nas. Symbolicznie. Podczas dzisiejszych mszy otrzymujemy w prezencie naklejk\u0119 z wizerunkiem Matki Bo\u017cej i sugestywnym napisem. Mo\u017cna\/trzeba j\u0105 ofiarowa\u0107 komu\u015b z rodziny, by s\u0142u\u017cy\u0142a jako \u201eprzypominajka\u201d, przyklejona do szafki nocnej, ok\u0142adki biblii czy modlitewnika.&nbsp;&nbsp;<\/p>\n","protected":false},"excerpt":{"rendered":"<p>Nadziej\u0105 na wniebowzi\u0119cie tak\u017ce nas. Symbolicznie. Podczas dzisiejszych mszy otrzymujemy w prezencie naklejk\u0119 z wizerunkiem Matki Bo\u017cej&#8230;<\/p>\n","protected":false},"author":2,"featured_media":14535,"comment_status":"open","ping_status":"open","sticky":false,"template":"","format":"standard","meta":{"_tbt_post_transparent":"","_tbt_post_title":"","_tbt_post_layout":"","_tbt_post_sidebar_id":"","_tbt_post_content_style":"","_tbt_post_vertical_padding":"","_tbt_post_feature":"","_tbt_post_feature_position":"","_tbt_post_header":false,"_tbt_post_footer":false},"categories":[34],"tags":[],"class_list":["post-14534","post","type-post","status-publish","format-standard","has-post-thumbnail","hentry","category-aktualnosci"],"_links":{"self":[{"href":"https:\/\/swietyjerzy.elblag.pl\/index.php\/wp-json\/wp\/v2\/posts\/14534","targetHints":{"allow":["GET"]}}],"collection":[{"href":"https:\/\/swietyjerzy.elblag.pl\/index.php\/wp-json\/wp\/v2\/posts"}],"about":[{"href":"https:\/\/swietyjerzy.elblag.pl\/index.php\/wp-json\/wp\/v2\/types\/post"}],"author":[{"embeddable":true,"href":"https:\/\/swietyjerzy.elblag.pl\/index.php\/wp-json\/wp\/v2\/users\/2"}],"replies":[{"embeddable":true,"href":"https:\/\/swietyjerzy.elblag.pl\/index.php\/wp-json\/wp\/v2\/comments?post=14534"}],"version-history":[{"count":1,"href":"https:\/\/swietyjerzy.elblag.pl\/index.php\/wp-json\/wp\/v2\/posts\/14534\/revisions"}],"predecessor-version":[{"id":14536,"href":"https:\/\/swietyjerzy.elblag.pl\/index.php\/wp-json\/wp\/v2\/posts\/14534\/revisions\/14536"}],"wp:featuredmedia":[{"embeddable":true,"href":"https:\/\/swietyjerzy.elblag.pl\/index.php\/wp-json\/wp\/v2\/media\/14535"}],"wp:attachment":[{"href":"https:\/\/swietyjerzy.elblag.pl\/index.php\/wp-json\/wp\/v2\/media?parent=14534"}],"wp:term":[{"taxonomy":"category","embeddable":true,"href":"https:\/\/swietyjerzy.elblag.pl\/index.php\/wp-json\/wp\/v2\/categories?post=14534"},{"taxonomy":"post_tag","embeddable":true,"href":"https:\/\/swietyjerzy.elblag.pl\/index.php\/wp-json\/wp\/v2\/tags?post=14534"}],"curies":[{"name":"wp","href":"https:\/\/api.w.org\/{rel}","templated":true}]}}