{"id":14527,"date":"2025-08-11T08:09:11","date_gmt":"2025-08-11T08:09:11","guid":{"rendered":"https:\/\/swietyjerzy.elblag.pl\/?p=14527"},"modified":"2025-08-11T08:09:11","modified_gmt":"2025-08-11T08:09:11","slug":"odchwaszczony","status":"publish","type":"post","link":"https:\/\/swietyjerzy.elblag.pl\/index.php\/2025\/08\/11\/odchwaszczony\/","title":{"rendered":"ODCHWASZCZONY"},"content":{"rendered":"\n<p>Nasz ko\u015bci\u00f3\u0142, to znaczy otoczenie naszej \u015bwi\u0105tyni. By\u0142y panie: Irena, Teresa i Daria. Towarzyszy\u0142 im tak\u017ce proboszcz. By\u0142a te\u017c \u201eniewidzialna r\u0119ka\u201d, kt\u00f3ra pieli\u0142a grubo wcze\u015bniej ni\u017c o godz. 9.00. Dzi\u0119kujemy! Z czasem uzupe\u0142ni\u0107 trzeba b\u0119dzie kamyczki. &nbsp;&nbsp;&nbsp;<\/p>\n","protected":false},"excerpt":{"rendered":"<p>Nasz ko\u015bci\u00f3\u0142, to znaczy otoczenie naszej \u015bwi\u0105tyni. By\u0142y panie: Irena, Teresa i Daria. Towarzyszy\u0142 im tak\u017ce proboszcz&#8230;.<\/p>\n","protected":false},"author":2,"featured_media":14528,"comment_status":"open","ping_status":"open","sticky":false,"template":"","format":"standard","meta":{"_tbt_post_transparent":"","_tbt_post_title":"","_tbt_post_layout":"","_tbt_post_sidebar_id":"","_tbt_post_content_style":"","_tbt_post_vertical_padding":"","_tbt_post_feature":"","_tbt_post_feature_position":"","_tbt_post_header":false,"_tbt_post_footer":false},"categories":[34],"tags":[],"class_list":["post-14527","post","type-post","status-publish","format-standard","has-post-thumbnail","hentry","category-aktualnosci"],"_links":{"self":[{"href":"https:\/\/swietyjerzy.elblag.pl\/index.php\/wp-json\/wp\/v2\/posts\/14527","targetHints":{"allow":["GET"]}}],"collection":[{"href":"https:\/\/swietyjerzy.elblag.pl\/index.php\/wp-json\/wp\/v2\/posts"}],"about":[{"href":"https:\/\/swietyjerzy.elblag.pl\/index.php\/wp-json\/wp\/v2\/types\/post"}],"author":[{"embeddable":true,"href":"https:\/\/swietyjerzy.elblag.pl\/index.php\/wp-json\/wp\/v2\/users\/2"}],"replies":[{"embeddable":true,"href":"https:\/\/swietyjerzy.elblag.pl\/index.php\/wp-json\/wp\/v2\/comments?post=14527"}],"version-history":[{"count":1,"href":"https:\/\/swietyjerzy.elblag.pl\/index.php\/wp-json\/wp\/v2\/posts\/14527\/revisions"}],"predecessor-version":[{"id":14529,"href":"https:\/\/swietyjerzy.elblag.pl\/index.php\/wp-json\/wp\/v2\/posts\/14527\/revisions\/14529"}],"wp:featuredmedia":[{"embeddable":true,"href":"https:\/\/swietyjerzy.elblag.pl\/index.php\/wp-json\/wp\/v2\/media\/14528"}],"wp:attachment":[{"href":"https:\/\/swietyjerzy.elblag.pl\/index.php\/wp-json\/wp\/v2\/media?parent=14527"}],"wp:term":[{"taxonomy":"category","embeddable":true,"href":"https:\/\/swietyjerzy.elblag.pl\/index.php\/wp-json\/wp\/v2\/categories?post=14527"},{"taxonomy":"post_tag","embeddable":true,"href":"https:\/\/swietyjerzy.elblag.pl\/index.php\/wp-json\/wp\/v2\/tags?post=14527"}],"curies":[{"name":"wp","href":"https:\/\/api.w.org\/{rel}","templated":true}]}}