{"id":14522,"date":"2025-08-08T06:02:06","date_gmt":"2025-08-08T06:02:06","guid":{"rendered":"https:\/\/swietyjerzy.elblag.pl\/?p=14522"},"modified":"2025-08-08T06:02:07","modified_gmt":"2025-08-08T06:02:07","slug":"nie-mamy-go","status":"publish","type":"post","link":"https:\/\/swietyjerzy.elblag.pl\/index.php\/2025\/08\/08\/nie-mamy-go\/","title":{"rendered":"NIE MAMY GO"},"content":{"rendered":"\n<p>Krzy\u017ca Misyjnego. Misje parafialne to pomys\u0142 jezuit\u00f3w zaakceptowany przez papie\u017ca Paw\u0142a III w 1540 roku. To wtedy pojawi\u0142o si\u0119 charakterystyczne zawo\u0142anie: \u201eRatuj dusz\u0119 sw\u0105!\u201d umieszczane na krzy\u017cu misyjnym. Parafia \u015bw. Jerzego ma ormia\u0144ski chaczkar, a na murze ma\u0142ego ko\u015bci\u00f3\u0142ka widnieje zupe\u0142nie inny napis. Ciekaw czyjego autorstwa? Kiedy by\u0142y nasze ostatnie misje? Dawno. Dobrze, \u017ce przynajmniej s\u0105 regularne rekolekcje. &nbsp;&nbsp;&nbsp;&nbsp;<\/p>\n","protected":false},"excerpt":{"rendered":"<p>Krzy\u017ca Misyjnego. Misje parafialne to pomys\u0142 jezuit\u00f3w zaakceptowany przez papie\u017ca Paw\u0142a III w 1540 roku. To wtedy&#8230;<\/p>\n","protected":false},"author":2,"featured_media":14523,"comment_status":"open","ping_status":"open","sticky":false,"template":"","format":"standard","meta":{"_tbt_post_transparent":"","_tbt_post_title":"","_tbt_post_layout":"","_tbt_post_sidebar_id":"","_tbt_post_content_style":"","_tbt_post_vertical_padding":"","_tbt_post_feature":"","_tbt_post_feature_position":"","_tbt_post_header":false,"_tbt_post_footer":false},"categories":[34],"tags":[],"class_list":["post-14522","post","type-post","status-publish","format-standard","has-post-thumbnail","hentry","category-aktualnosci"],"_links":{"self":[{"href":"https:\/\/swietyjerzy.elblag.pl\/index.php\/wp-json\/wp\/v2\/posts\/14522","targetHints":{"allow":["GET"]}}],"collection":[{"href":"https:\/\/swietyjerzy.elblag.pl\/index.php\/wp-json\/wp\/v2\/posts"}],"about":[{"href":"https:\/\/swietyjerzy.elblag.pl\/index.php\/wp-json\/wp\/v2\/types\/post"}],"author":[{"embeddable":true,"href":"https:\/\/swietyjerzy.elblag.pl\/index.php\/wp-json\/wp\/v2\/users\/2"}],"replies":[{"embeddable":true,"href":"https:\/\/swietyjerzy.elblag.pl\/index.php\/wp-json\/wp\/v2\/comments?post=14522"}],"version-history":[{"count":1,"href":"https:\/\/swietyjerzy.elblag.pl\/index.php\/wp-json\/wp\/v2\/posts\/14522\/revisions"}],"predecessor-version":[{"id":14524,"href":"https:\/\/swietyjerzy.elblag.pl\/index.php\/wp-json\/wp\/v2\/posts\/14522\/revisions\/14524"}],"wp:featuredmedia":[{"embeddable":true,"href":"https:\/\/swietyjerzy.elblag.pl\/index.php\/wp-json\/wp\/v2\/media\/14523"}],"wp:attachment":[{"href":"https:\/\/swietyjerzy.elblag.pl\/index.php\/wp-json\/wp\/v2\/media?parent=14522"}],"wp:term":[{"taxonomy":"category","embeddable":true,"href":"https:\/\/swietyjerzy.elblag.pl\/index.php\/wp-json\/wp\/v2\/categories?post=14522"},{"taxonomy":"post_tag","embeddable":true,"href":"https:\/\/swietyjerzy.elblag.pl\/index.php\/wp-json\/wp\/v2\/tags?post=14522"}],"curies":[{"name":"wp","href":"https:\/\/api.w.org\/{rel}","templated":true}]}}