{"id":14518,"date":"2025-08-05T06:44:59","date_gmt":"2025-08-05T06:44:59","guid":{"rendered":"https:\/\/swietyjerzy.elblag.pl\/?p=14518"},"modified":"2025-08-05T06:44:59","modified_gmt":"2025-08-05T06:44:59","slug":"ciekawostka-rowerowej","status":"publish","type":"post","link":"https:\/\/swietyjerzy.elblag.pl\/index.php\/2025\/08\/05\/ciekawostka-rowerowej\/","title":{"rendered":"CIEKAWOSTKA \u201eROWEROWEJ\u201d"},"content":{"rendered":"\n<p>16. raz wyruszy\u0142a diecezjalna pielgrzymka rowerowa na Jasn\u0105 G\u00f3r\u0119. Dopiero teraz dotar\u0142a do nas informacja, \u017ce r\u00f3\u017ca\u0144ce na kt\u00f3rych modl\u0105 si\u0119 rowerzy\u015bci trafiaj\u0105 p\u00f3\u017aniej do tych, kt\u00f3rzy potrzebuj\u0105 wsparcia modlitewnego. \u201eOmodlone\u201d s\u0142u\u017c\u0105 chorym, zmagaj\u0105cym si\u0119 z na\u0142ogami czy niechodz\u0105cym do ko\u015bcio\u0142a. Wzruszaj\u0105ce! &nbsp;&nbsp;&nbsp;<\/p>\n","protected":false},"excerpt":{"rendered":"<p>16. raz wyruszy\u0142a diecezjalna pielgrzymka rowerowa na Jasn\u0105 G\u00f3r\u0119. Dopiero teraz dotar\u0142a do nas informacja, \u017ce r\u00f3\u017ca\u0144ce&#8230;<\/p>\n","protected":false},"author":2,"featured_media":14519,"comment_status":"open","ping_status":"open","sticky":false,"template":"","format":"standard","meta":{"_tbt_post_transparent":"","_tbt_post_title":"","_tbt_post_layout":"","_tbt_post_sidebar_id":"","_tbt_post_content_style":"","_tbt_post_vertical_padding":"","_tbt_post_feature":"","_tbt_post_feature_position":"","_tbt_post_header":false,"_tbt_post_footer":false},"categories":[34],"tags":[],"class_list":["post-14518","post","type-post","status-publish","format-standard","has-post-thumbnail","hentry","category-aktualnosci"],"_links":{"self":[{"href":"https:\/\/swietyjerzy.elblag.pl\/index.php\/wp-json\/wp\/v2\/posts\/14518","targetHints":{"allow":["GET"]}}],"collection":[{"href":"https:\/\/swietyjerzy.elblag.pl\/index.php\/wp-json\/wp\/v2\/posts"}],"about":[{"href":"https:\/\/swietyjerzy.elblag.pl\/index.php\/wp-json\/wp\/v2\/types\/post"}],"author":[{"embeddable":true,"href":"https:\/\/swietyjerzy.elblag.pl\/index.php\/wp-json\/wp\/v2\/users\/2"}],"replies":[{"embeddable":true,"href":"https:\/\/swietyjerzy.elblag.pl\/index.php\/wp-json\/wp\/v2\/comments?post=14518"}],"version-history":[{"count":1,"href":"https:\/\/swietyjerzy.elblag.pl\/index.php\/wp-json\/wp\/v2\/posts\/14518\/revisions"}],"predecessor-version":[{"id":14520,"href":"https:\/\/swietyjerzy.elblag.pl\/index.php\/wp-json\/wp\/v2\/posts\/14518\/revisions\/14520"}],"wp:featuredmedia":[{"embeddable":true,"href":"https:\/\/swietyjerzy.elblag.pl\/index.php\/wp-json\/wp\/v2\/media\/14519"}],"wp:attachment":[{"href":"https:\/\/swietyjerzy.elblag.pl\/index.php\/wp-json\/wp\/v2\/media?parent=14518"}],"wp:term":[{"taxonomy":"category","embeddable":true,"href":"https:\/\/swietyjerzy.elblag.pl\/index.php\/wp-json\/wp\/v2\/categories?post=14518"},{"taxonomy":"post_tag","embeddable":true,"href":"https:\/\/swietyjerzy.elblag.pl\/index.php\/wp-json\/wp\/v2\/tags?post=14518"}],"curies":[{"name":"wp","href":"https:\/\/api.w.org\/{rel}","templated":true}]}}