{"id":14512,"date":"2025-07-31T10:12:15","date_gmt":"2025-07-31T10:12:15","guid":{"rendered":"https:\/\/swietyjerzy.elblag.pl\/?p=14512"},"modified":"2025-07-31T10:12:16","modified_gmt":"2025-07-31T10:12:16","slug":"nasi-ludzie-na-pielgrzymce","status":"publish","type":"post","link":"https:\/\/swietyjerzy.elblag.pl\/index.php\/2025\/07\/31\/nasi-ludzie-na-pielgrzymce\/","title":{"rendered":"NASI LUDZIE NA PIELGRZYMCE"},"content":{"rendered":"\n<p>Ksi\u0105dz Marcin z kilkoma pielgrzymami z naszej parafii, w grupie Katedra P\u00f3\u0142noc Redemptor Elbl\u0105g. Ju\u017c drugi dzie\u0144 bez deszczu. Humor, energia i entuzjazm pr\u0105 do przodu. A my w Elbl\u0105gu zapewniamy o troskliwej pami\u0119ci modlitewnej.&nbsp;&nbsp;&nbsp;<\/p>\n","protected":false},"excerpt":{"rendered":"<p>Ksi\u0105dz Marcin z kilkoma pielgrzymami z naszej parafii, w grupie Katedra P\u00f3\u0142noc Redemptor Elbl\u0105g. Ju\u017c drugi dzie\u0144&#8230;<\/p>\n","protected":false},"author":2,"featured_media":14513,"comment_status":"open","ping_status":"open","sticky":false,"template":"","format":"standard","meta":{"_tbt_post_transparent":"","_tbt_post_title":"","_tbt_post_layout":"","_tbt_post_sidebar_id":"","_tbt_post_content_style":"","_tbt_post_vertical_padding":"","_tbt_post_feature":"","_tbt_post_feature_position":"","_tbt_post_header":false,"_tbt_post_footer":false},"categories":[34],"tags":[],"class_list":["post-14512","post","type-post","status-publish","format-standard","has-post-thumbnail","hentry","category-aktualnosci"],"_links":{"self":[{"href":"https:\/\/swietyjerzy.elblag.pl\/index.php\/wp-json\/wp\/v2\/posts\/14512","targetHints":{"allow":["GET"]}}],"collection":[{"href":"https:\/\/swietyjerzy.elblag.pl\/index.php\/wp-json\/wp\/v2\/posts"}],"about":[{"href":"https:\/\/swietyjerzy.elblag.pl\/index.php\/wp-json\/wp\/v2\/types\/post"}],"author":[{"embeddable":true,"href":"https:\/\/swietyjerzy.elblag.pl\/index.php\/wp-json\/wp\/v2\/users\/2"}],"replies":[{"embeddable":true,"href":"https:\/\/swietyjerzy.elblag.pl\/index.php\/wp-json\/wp\/v2\/comments?post=14512"}],"version-history":[{"count":1,"href":"https:\/\/swietyjerzy.elblag.pl\/index.php\/wp-json\/wp\/v2\/posts\/14512\/revisions"}],"predecessor-version":[{"id":14514,"href":"https:\/\/swietyjerzy.elblag.pl\/index.php\/wp-json\/wp\/v2\/posts\/14512\/revisions\/14514"}],"wp:featuredmedia":[{"embeddable":true,"href":"https:\/\/swietyjerzy.elblag.pl\/index.php\/wp-json\/wp\/v2\/media\/14513"}],"wp:attachment":[{"href":"https:\/\/swietyjerzy.elblag.pl\/index.php\/wp-json\/wp\/v2\/media?parent=14512"}],"wp:term":[{"taxonomy":"category","embeddable":true,"href":"https:\/\/swietyjerzy.elblag.pl\/index.php\/wp-json\/wp\/v2\/categories?post=14512"},{"taxonomy":"post_tag","embeddable":true,"href":"https:\/\/swietyjerzy.elblag.pl\/index.php\/wp-json\/wp\/v2\/tags?post=14512"}],"curies":[{"name":"wp","href":"https:\/\/api.w.org\/{rel}","templated":true}]}}