{"id":14506,"date":"2025-07-23T13:31:08","date_gmt":"2025-07-23T13:31:08","guid":{"rendered":"https:\/\/swietyjerzy.elblag.pl\/?p=14506"},"modified":"2025-07-23T13:31:09","modified_gmt":"2025-07-23T13:31:09","slug":"nowa-przelozona","status":"publish","type":"post","link":"https:\/\/swietyjerzy.elblag.pl\/index.php\/2025\/07\/23\/nowa-przelozona\/","title":{"rendered":"NOWA PRZE\u0141O\u017bONA"},"content":{"rendered":"\n<p>Ks. Andrzej Kilanowski: Z Warszawy do Elbl\u0105ga?<\/p>\n\n\n\n<p>S. Anna Uberman: No i jestem.<\/p>\n\n\n\n<p>AK: Nowa prze\u0142o\u017cona domu zakonnego ss. Franciszkanek RM?<\/p>\n\n\n\n<p>AU: Tak. Pracowa\u0142am w r\u00f3\u017cnych miejscach: &nbsp;w Augustowie, Studzienicznej i pod Warszaw\u0105. Nie wsi\u0105k\u0142am do du\u017cej, zat\u0142oczonej stolicy. Chocia\u017c dom prowincjalny, w samym sercu \u015br\u00f3dmie\u015bcia jest pi\u0119kn\u0105 wizyt\u00f3wk\u0105 naszego zgromadzenia.<\/p>\n\n\n\n<p>AK: Pochodzi siostra z Podkarpacia. Trudno jest przyzwyczai\u0107 si\u0119 do ca\u0142kiem innych ludzi tu na P\u00f3\u0142nocy?<\/p>\n\n\n\n<p>AU: Ludzie wsz\u0119dzie s\u0105 dobrzy, a \u017ce w moim rodzinnym Przeworsku wi\u0119cej ich chodzi do ko\u015bcio\u0142a? To fakt. Dla mojej pracy niewiele to wnosi.<\/p>\n\n\n\n<p>AK: A sk\u0105d powo\u0142anie i siostry Rodziny Maryi?<\/p>\n\n\n\n<p>AU: W rodzinie mia\u0142am dwie ciocie z tego zgromadzenia. To zobowi\u0105zuje.<\/p>\n\n\n\n<p>AK: Ile ju\u017c zobowi\u0105zuje?<\/p>\n\n\n\n<p>AU: 46 lat w zgromadzeniu i 32 lata pracy pedagogicznej w domach dziecka, z osobami niepe\u0142nosprawnymi umys\u0142owo i w DPS-ach. Spe\u0142niam si\u0119 w tej pracy.<\/p>\n\n\n\n<p>AK: By\u0142a ju\u017c siostra w Elbl\u0105gu?<\/p>\n\n\n\n<p>AU: Tak kilka razy: z wizytacj\u0105, przy okazji jaki\u015b uroczysto\u015bci. Elbl\u0105g mi si\u0119 podoba. Samo miasto jest \u0142adne. Dom zakonny, nasza wsp\u00f3lnota, DPS, podopieczne i pracownicy \u2013 dobrze to funkcjonuje. Dobrze, \u017ce prze\u0142o\u017ceni zadecydowali, \u017ce si\u0119 tu znalaz\u0142am.<\/p>\n\n\n\n<p>AK: Czego \u017cyczy\u0107?<\/p>\n\n\n\n<p>AU: Realizacji woli Bo\u017cej. Ci\u0105g\u0142ego rozwoju duchowego, ze \u015bwiadomo\u015bci\u0105, \u017ce jestem tu, gdzie mnie Pan B\u00f3g pos\u0142a\u0142. &nbsp;&nbsp;&nbsp;<\/p>\n","protected":false},"excerpt":{"rendered":"<p>Ks. Andrzej Kilanowski: Z Warszawy do Elbl\u0105ga? S. Anna Uberman: No i jestem. AK: Nowa prze\u0142o\u017cona domu&#8230;<\/p>\n","protected":false},"author":2,"featured_media":14507,"comment_status":"open","ping_status":"open","sticky":false,"template":"","format":"standard","meta":{"_tbt_post_transparent":"","_tbt_post_title":"","_tbt_post_layout":"","_tbt_post_sidebar_id":"","_tbt_post_content_style":"","_tbt_post_vertical_padding":"","_tbt_post_feature":"","_tbt_post_feature_position":"","_tbt_post_header":false,"_tbt_post_footer":false},"categories":[34],"tags":[],"class_list":["post-14506","post","type-post","status-publish","format-standard","has-post-thumbnail","hentry","category-aktualnosci"],"_links":{"self":[{"href":"https:\/\/swietyjerzy.elblag.pl\/index.php\/wp-json\/wp\/v2\/posts\/14506","targetHints":{"allow":["GET"]}}],"collection":[{"href":"https:\/\/swietyjerzy.elblag.pl\/index.php\/wp-json\/wp\/v2\/posts"}],"about":[{"href":"https:\/\/swietyjerzy.elblag.pl\/index.php\/wp-json\/wp\/v2\/types\/post"}],"author":[{"embeddable":true,"href":"https:\/\/swietyjerzy.elblag.pl\/index.php\/wp-json\/wp\/v2\/users\/2"}],"replies":[{"embeddable":true,"href":"https:\/\/swietyjerzy.elblag.pl\/index.php\/wp-json\/wp\/v2\/comments?post=14506"}],"version-history":[{"count":1,"href":"https:\/\/swietyjerzy.elblag.pl\/index.php\/wp-json\/wp\/v2\/posts\/14506\/revisions"}],"predecessor-version":[{"id":14508,"href":"https:\/\/swietyjerzy.elblag.pl\/index.php\/wp-json\/wp\/v2\/posts\/14506\/revisions\/14508"}],"wp:featuredmedia":[{"embeddable":true,"href":"https:\/\/swietyjerzy.elblag.pl\/index.php\/wp-json\/wp\/v2\/media\/14507"}],"wp:attachment":[{"href":"https:\/\/swietyjerzy.elblag.pl\/index.php\/wp-json\/wp\/v2\/media?parent=14506"}],"wp:term":[{"taxonomy":"category","embeddable":true,"href":"https:\/\/swietyjerzy.elblag.pl\/index.php\/wp-json\/wp\/v2\/categories?post=14506"},{"taxonomy":"post_tag","embeddable":true,"href":"https:\/\/swietyjerzy.elblag.pl\/index.php\/wp-json\/wp\/v2\/tags?post=14506"}],"curies":[{"name":"wp","href":"https:\/\/api.w.org\/{rel}","templated":true}]}}