{"id":14494,"date":"2025-07-10T11:39:29","date_gmt":"2025-07-10T11:39:29","guid":{"rendered":"https:\/\/swietyjerzy.elblag.pl\/?p=14494"},"modified":"2025-07-10T11:39:29","modified_gmt":"2025-07-10T11:39:29","slug":"kapelan-i-rektor","status":"publish","type":"post","link":"https:\/\/swietyjerzy.elblag.pl\/index.php\/2025\/07\/10\/kapelan-i-rektor\/","title":{"rendered":"KAPELAN I REKTOR"},"content":{"rendered":"\n<p>Ks. Marcin Pinkiewicz: W zasadzie by\u0142o to zast\u0119pstwo ks. Mariusza Klimkowskiego. Zosta\u0142 on proboszczem w Dzierzgoniu. U \u015awi\u0119tego Jerzego mia\u0142em by\u0107 tylko na chwil\u0119. A zrobi\u0142o si\u0119 z tego 9 lat.<\/p>\n\n\n\n<p>Ks. Andrzej Kilanowski: Czyja to by\u0142a decyzja?<\/p>\n\n\n\n<p>MP: Biskupa Jacka Jezierskiego. Od roku by\u0142em ju\u017c ojcem duchownym w naszym seminarium duchownym.<\/p>\n\n\n\n<p>AK: Pierwsze wra\u017cenia?<\/p>\n\n\n\n<p>MP: Obawy czy podo\u0142am. Klimatyczny ko\u015bci\u00f3\u0142 z wieczyst\u0105 adoracj\u0105, no i klauzurowe siostry klaryski. Czu\u0142em ich \u017cyczliwo\u015b\u0107 i modlitewne wsparcie w mojej pos\u0142udze w seminarium.<\/p>\n\n\n\n<p>AK: To dlatego zabiera\u0142 ksi\u0105dz tyle razy kleryk\u00f3w do pos\u0142ugi w tym ko\u015bciele<\/p>\n\n\n\n<p>MP: To by\u0142o co\u015b oczywistego. Na \u015bwi\u0119ta czy w czasie dy\u017cur\u00f3w wakacyjnych zawsze byli tu klerycy.<\/p>\n\n\n\n<p>AK: A codzienna msza \u015bw. o godz. 12.00.<\/p>\n\n\n\n<p>MP: S\u0142odkie brzemi\u0119. M\u00f3j dzie\u0144 dzieli\u0142 si\u0119 na to, co przed i na to, co po mszy \u015bw. Trzeba by\u0142o tu du\u017cej dyscypliny, by podporz\u0105dkowa\u0107 si\u0119 takiemu rozk\u0142adowi dnia.<\/p>\n\n\n\n<p>AK: Frekwencja?<\/p>\n\n\n\n<p>MP: Przyzwoita. Ludzi z ca\u0142ego miasta. Lubi\u0105cych ten ko\u015bci\u00f3\u0142, siostry i adoracj\u0119.<\/p>\n\n\n\n<p>AK: I ks. Marcina. To charakterystyczne duszpasterstwo przedko\u015bcielne, po mszy \u015bw. By z ka\u017cdym porozmawia\u0107, przywita\u0107 si\u0119, zagadn\u0105\u0107.<\/p>\n\n\n\n<p>MP: To te\u017c jest wa\u017cne!<\/p>\n\n\n\n<p>AK: Tylko ten kontakt z parafi\u0105 \u015bw. Jerzego?<\/p>\n\n\n\n<p>MP: To znaczy?! By\u0142 i jest wy\u015bmienity. Po prostu wzajemnie si\u0119 uzupe\u0142niamy.<\/p>\n\n\n\n<p>AK: Co dalej?<\/p>\n\n\n\n<p>MP: Od sierpnia nowe obowi\u0105zki jako proboszcz w I\u0142awie. Czuj\u0119 niepok\u00f3j, ekscytacj\u0119. Widz\u0119 w tym tak\u017ce Wol\u0119 Bo\u017c\u0105 na nowy etap kap\u0142a\u0144skiej pos\u0142ugi.<\/p>\n\n\n\n<p>MP i AK: Razem, tak\u017ce z siostrami zapraszamy na msz\u0119 \u015bw. dzi\u0119kczynn\u0105 30 lipca. Oczywi\u015bcie na godz. 12.00. &nbsp;&nbsp;&nbsp;&nbsp;&nbsp;&nbsp;&nbsp;&nbsp;&nbsp;&nbsp;<\/p>\n","protected":false},"excerpt":{"rendered":"<p>Ks. Marcin Pinkiewicz: W zasadzie by\u0142o to zast\u0119pstwo ks. Mariusza Klimkowskiego. Zosta\u0142 on proboszczem w Dzierzgoniu. U&#8230;<\/p>\n","protected":false},"author":2,"featured_media":14495,"comment_status":"open","ping_status":"open","sticky":false,"template":"","format":"standard","meta":{"_tbt_post_transparent":"","_tbt_post_title":"","_tbt_post_layout":"","_tbt_post_sidebar_id":"","_tbt_post_content_style":"","_tbt_post_vertical_padding":"","_tbt_post_feature":"","_tbt_post_feature_position":"","_tbt_post_header":false,"_tbt_post_footer":false},"categories":[34],"tags":[],"class_list":["post-14494","post","type-post","status-publish","format-standard","has-post-thumbnail","hentry","category-aktualnosci"],"_links":{"self":[{"href":"https:\/\/swietyjerzy.elblag.pl\/index.php\/wp-json\/wp\/v2\/posts\/14494","targetHints":{"allow":["GET"]}}],"collection":[{"href":"https:\/\/swietyjerzy.elblag.pl\/index.php\/wp-json\/wp\/v2\/posts"}],"about":[{"href":"https:\/\/swietyjerzy.elblag.pl\/index.php\/wp-json\/wp\/v2\/types\/post"}],"author":[{"embeddable":true,"href":"https:\/\/swietyjerzy.elblag.pl\/index.php\/wp-json\/wp\/v2\/users\/2"}],"replies":[{"embeddable":true,"href":"https:\/\/swietyjerzy.elblag.pl\/index.php\/wp-json\/wp\/v2\/comments?post=14494"}],"version-history":[{"count":1,"href":"https:\/\/swietyjerzy.elblag.pl\/index.php\/wp-json\/wp\/v2\/posts\/14494\/revisions"}],"predecessor-version":[{"id":14496,"href":"https:\/\/swietyjerzy.elblag.pl\/index.php\/wp-json\/wp\/v2\/posts\/14494\/revisions\/14496"}],"wp:featuredmedia":[{"embeddable":true,"href":"https:\/\/swietyjerzy.elblag.pl\/index.php\/wp-json\/wp\/v2\/media\/14495"}],"wp:attachment":[{"href":"https:\/\/swietyjerzy.elblag.pl\/index.php\/wp-json\/wp\/v2\/media?parent=14494"}],"wp:term":[{"taxonomy":"category","embeddable":true,"href":"https:\/\/swietyjerzy.elblag.pl\/index.php\/wp-json\/wp\/v2\/categories?post=14494"},{"taxonomy":"post_tag","embeddable":true,"href":"https:\/\/swietyjerzy.elblag.pl\/index.php\/wp-json\/wp\/v2\/tags?post=14494"}],"curies":[{"name":"wp","href":"https:\/\/api.w.org\/{rel}","templated":true}]}}