{"id":14489,"date":"2025-07-05T06:26:52","date_gmt":"2025-07-05T06:26:52","guid":{"rendered":"https:\/\/swietyjerzy.elblag.pl\/?p=14489"},"modified":"2025-07-05T06:26:53","modified_gmt":"2025-07-05T06:26:53","slug":"uratowane","status":"publish","type":"post","link":"https:\/\/swietyjerzy.elblag.pl\/index.php\/2025\/07\/05\/uratowane\/","title":{"rendered":"URATOWANE"},"content":{"rendered":"\n<p>Hortensje z Grobu Pa\u0144skiego. Przesadzone u boku ko\u015bci\u00f3\u0142ka \u015awi\u0119tego Jerzego i plebanii. Bia\u0142e, kwitn\u0105ce, pe\u0142ne uroku i \u015bwie\u017co\u015bci. Uda\u0142o si\u0119 to zrobi\u0107! W poniedzia\u0142ek na godz. 9.00 zapraszamy do pielenia i odchwaszczania placu przed ko\u015bcio\u0142em Mi\u0142osierdzia Bo\u017cego. Przychodzimy z w\u0142asnym sprz\u0119tem. Ciekawe czy si\u0119 uda? Podobno mo\u017ce pada\u0107.<\/p>\n","protected":false},"excerpt":{"rendered":"<p>Hortensje z Grobu Pa\u0144skiego. Przesadzone u boku ko\u015bci\u00f3\u0142ka \u015awi\u0119tego Jerzego i plebanii. Bia\u0142e, kwitn\u0105ce, pe\u0142ne uroku i&#8230;<\/p>\n","protected":false},"author":2,"featured_media":14490,"comment_status":"open","ping_status":"open","sticky":false,"template":"","format":"standard","meta":{"_tbt_post_transparent":"","_tbt_post_title":"","_tbt_post_layout":"","_tbt_post_sidebar_id":"","_tbt_post_content_style":"","_tbt_post_vertical_padding":"","_tbt_post_feature":"","_tbt_post_feature_position":"","_tbt_post_header":false,"_tbt_post_footer":false},"categories":[34],"tags":[],"class_list":["post-14489","post","type-post","status-publish","format-standard","has-post-thumbnail","hentry","category-aktualnosci"],"_links":{"self":[{"href":"https:\/\/swietyjerzy.elblag.pl\/index.php\/wp-json\/wp\/v2\/posts\/14489","targetHints":{"allow":["GET"]}}],"collection":[{"href":"https:\/\/swietyjerzy.elblag.pl\/index.php\/wp-json\/wp\/v2\/posts"}],"about":[{"href":"https:\/\/swietyjerzy.elblag.pl\/index.php\/wp-json\/wp\/v2\/types\/post"}],"author":[{"embeddable":true,"href":"https:\/\/swietyjerzy.elblag.pl\/index.php\/wp-json\/wp\/v2\/users\/2"}],"replies":[{"embeddable":true,"href":"https:\/\/swietyjerzy.elblag.pl\/index.php\/wp-json\/wp\/v2\/comments?post=14489"}],"version-history":[{"count":1,"href":"https:\/\/swietyjerzy.elblag.pl\/index.php\/wp-json\/wp\/v2\/posts\/14489\/revisions"}],"predecessor-version":[{"id":14491,"href":"https:\/\/swietyjerzy.elblag.pl\/index.php\/wp-json\/wp\/v2\/posts\/14489\/revisions\/14491"}],"wp:featuredmedia":[{"embeddable":true,"href":"https:\/\/swietyjerzy.elblag.pl\/index.php\/wp-json\/wp\/v2\/media\/14490"}],"wp:attachment":[{"href":"https:\/\/swietyjerzy.elblag.pl\/index.php\/wp-json\/wp\/v2\/media?parent=14489"}],"wp:term":[{"taxonomy":"category","embeddable":true,"href":"https:\/\/swietyjerzy.elblag.pl\/index.php\/wp-json\/wp\/v2\/categories?post=14489"},{"taxonomy":"post_tag","embeddable":true,"href":"https:\/\/swietyjerzy.elblag.pl\/index.php\/wp-json\/wp\/v2\/tags?post=14489"}],"curies":[{"name":"wp","href":"https:\/\/api.w.org\/{rel}","templated":true}]}}