{"id":14486,"date":"2025-07-04T05:04:54","date_gmt":"2025-07-04T05:04:54","guid":{"rendered":"https:\/\/swietyjerzy.elblag.pl\/?p=14486"},"modified":"2025-07-04T05:04:55","modified_gmt":"2025-07-04T05:04:55","slug":"nie-jestesmy-jedyni","status":"publish","type":"post","link":"https:\/\/swietyjerzy.elblag.pl\/index.php\/2025\/07\/04\/nie-jestesmy-jedyni\/","title":{"rendered":"NIE JESTE\u015aMY JEDYNI"},"content":{"rendered":"\n<p>Wieczysta adoracja nie jest wymys\u0142em tylko naszym. \u015aw. Jerzy nie jest tu wyj\u0105tkiem. Warto o tym pami\u0119ta\u0107 i dzi\u0119kowa\u0107 za uwielbienie i szacunek sk\u0142adany Bogu.<\/p>\n","protected":false},"excerpt":{"rendered":"<p>Wieczysta adoracja nie jest wymys\u0142em tylko naszym. \u015aw. Jerzy nie jest tu wyj\u0105tkiem. Warto o tym pami\u0119ta\u0107&#8230;<\/p>\n","protected":false},"author":2,"featured_media":14487,"comment_status":"open","ping_status":"open","sticky":false,"template":"","format":"standard","meta":{"_tbt_post_transparent":"","_tbt_post_title":"","_tbt_post_layout":"","_tbt_post_sidebar_id":"","_tbt_post_content_style":"","_tbt_post_vertical_padding":"","_tbt_post_feature":"","_tbt_post_feature_position":"","_tbt_post_header":false,"_tbt_post_footer":false},"categories":[1],"tags":[],"class_list":["post-14486","post","type-post","status-publish","format-standard","has-post-thumbnail","hentry","category-bez-kategorii"],"_links":{"self":[{"href":"https:\/\/swietyjerzy.elblag.pl\/index.php\/wp-json\/wp\/v2\/posts\/14486","targetHints":{"allow":["GET"]}}],"collection":[{"href":"https:\/\/swietyjerzy.elblag.pl\/index.php\/wp-json\/wp\/v2\/posts"}],"about":[{"href":"https:\/\/swietyjerzy.elblag.pl\/index.php\/wp-json\/wp\/v2\/types\/post"}],"author":[{"embeddable":true,"href":"https:\/\/swietyjerzy.elblag.pl\/index.php\/wp-json\/wp\/v2\/users\/2"}],"replies":[{"embeddable":true,"href":"https:\/\/swietyjerzy.elblag.pl\/index.php\/wp-json\/wp\/v2\/comments?post=14486"}],"version-history":[{"count":1,"href":"https:\/\/swietyjerzy.elblag.pl\/index.php\/wp-json\/wp\/v2\/posts\/14486\/revisions"}],"predecessor-version":[{"id":14488,"href":"https:\/\/swietyjerzy.elblag.pl\/index.php\/wp-json\/wp\/v2\/posts\/14486\/revisions\/14488"}],"wp:featuredmedia":[{"embeddable":true,"href":"https:\/\/swietyjerzy.elblag.pl\/index.php\/wp-json\/wp\/v2\/media\/14487"}],"wp:attachment":[{"href":"https:\/\/swietyjerzy.elblag.pl\/index.php\/wp-json\/wp\/v2\/media?parent=14486"}],"wp:term":[{"taxonomy":"category","embeddable":true,"href":"https:\/\/swietyjerzy.elblag.pl\/index.php\/wp-json\/wp\/v2\/categories?post=14486"},{"taxonomy":"post_tag","embeddable":true,"href":"https:\/\/swietyjerzy.elblag.pl\/index.php\/wp-json\/wp\/v2\/tags?post=14486"}],"curies":[{"name":"wp","href":"https:\/\/api.w.org\/{rel}","templated":true}]}}