{"id":14482,"date":"2025-06-24T04:39:02","date_gmt":"2025-06-24T04:39:02","guid":{"rendered":"https:\/\/swietyjerzy.elblag.pl\/?p=14482"},"modified":"2025-06-24T04:39:03","modified_gmt":"2025-06-24T04:39:03","slug":"zapowiedziana","status":"publish","type":"post","link":"https:\/\/swietyjerzy.elblag.pl\/index.php\/2025\/06\/24\/zapowiedziana\/","title":{"rendered":"ZAPOWIEDZIANA"},"content":{"rendered":"\n<p>Z rocznym wyprzedzeniem data I Komunii \u015awi\u0119tej, czyli 23 maja 2026 roku. Rozdali\u015bmy ju\u017c 56 deklaracji zg\u0142oszeniowych. Nie wiem jeszcze ile dzieci ostatecznie b\u0119dzie. &nbsp;Zale\u017cy to tak\u017ce od uczni\u00f3w z O\u015brodka Szkolno-Wychowawczego z ul. Polnej. Nie podajemy tak\u017ce godziny Komunii. B\u0119d\u0105 na pewno dwie grupy, by\u0107 mo\u017ce nawet trzy.<\/p>\n","protected":false},"excerpt":{"rendered":"<p>Z rocznym wyprzedzeniem data I Komunii \u015awi\u0119tej, czyli 23 maja 2026 roku. Rozdali\u015bmy ju\u017c 56 deklaracji zg\u0142oszeniowych&#8230;.<\/p>\n","protected":false},"author":2,"featured_media":14483,"comment_status":"open","ping_status":"open","sticky":false,"template":"","format":"standard","meta":{"_tbt_post_transparent":"","_tbt_post_title":"","_tbt_post_layout":"","_tbt_post_sidebar_id":"","_tbt_post_content_style":"","_tbt_post_vertical_padding":"","_tbt_post_feature":"","_tbt_post_feature_position":"","_tbt_post_header":false,"_tbt_post_footer":false},"categories":[34],"tags":[],"class_list":["post-14482","post","type-post","status-publish","format-standard","has-post-thumbnail","hentry","category-aktualnosci"],"_links":{"self":[{"href":"https:\/\/swietyjerzy.elblag.pl\/index.php\/wp-json\/wp\/v2\/posts\/14482","targetHints":{"allow":["GET"]}}],"collection":[{"href":"https:\/\/swietyjerzy.elblag.pl\/index.php\/wp-json\/wp\/v2\/posts"}],"about":[{"href":"https:\/\/swietyjerzy.elblag.pl\/index.php\/wp-json\/wp\/v2\/types\/post"}],"author":[{"embeddable":true,"href":"https:\/\/swietyjerzy.elblag.pl\/index.php\/wp-json\/wp\/v2\/users\/2"}],"replies":[{"embeddable":true,"href":"https:\/\/swietyjerzy.elblag.pl\/index.php\/wp-json\/wp\/v2\/comments?post=14482"}],"version-history":[{"count":1,"href":"https:\/\/swietyjerzy.elblag.pl\/index.php\/wp-json\/wp\/v2\/posts\/14482\/revisions"}],"predecessor-version":[{"id":14484,"href":"https:\/\/swietyjerzy.elblag.pl\/index.php\/wp-json\/wp\/v2\/posts\/14482\/revisions\/14484"}],"wp:featuredmedia":[{"embeddable":true,"href":"https:\/\/swietyjerzy.elblag.pl\/index.php\/wp-json\/wp\/v2\/media\/14483"}],"wp:attachment":[{"href":"https:\/\/swietyjerzy.elblag.pl\/index.php\/wp-json\/wp\/v2\/media?parent=14482"}],"wp:term":[{"taxonomy":"category","embeddable":true,"href":"https:\/\/swietyjerzy.elblag.pl\/index.php\/wp-json\/wp\/v2\/categories?post=14482"},{"taxonomy":"post_tag","embeddable":true,"href":"https:\/\/swietyjerzy.elblag.pl\/index.php\/wp-json\/wp\/v2\/tags?post=14482"}],"curies":[{"name":"wp","href":"https:\/\/api.w.org\/{rel}","templated":true}]}}