{"id":14477,"date":"2025-06-21T10:31:42","date_gmt":"2025-06-21T10:31:42","guid":{"rendered":"https:\/\/swietyjerzy.elblag.pl\/?p=14477"},"modified":"2025-06-21T10:31:42","modified_gmt":"2025-06-21T10:31:42","slug":"kwidzyn-i-jubileusz","status":"publish","type":"post","link":"https:\/\/swietyjerzy.elblag.pl\/index.php\/2025\/06\/21\/kwidzyn-i-jubileusz\/","title":{"rendered":"KWIDZYN I JUBILEUSZ"},"content":{"rendered":"\n<p>W roku jubileuszowym, jednym z ko\u015bcio\u0142\u00f3w stacyjnych jest katedra w Kwidzynie. Dzi\u015b w sobot\u0119 44 osoby razem z ks. Marcinem udali si\u0119 tam, by uzyska\u0107 odpust. By pomodli\u0107 si\u0119, by\u0107 razem i pozwiedza\u0107 (np. zamek biskup\u00f3w pomeza\u0144skich). Aktualnie s\u0105 po degustacji lod\u00f3w a przed zwiedzaniem katedry. \u201eWisienk\u0105 na torcie\u201d tego wyjazdu jest fakt, \u017ce ks. Marcin pochodzi z Kwidzyna. &nbsp;<\/p>\n","protected":false},"excerpt":{"rendered":"<p>W roku jubileuszowym, jednym z ko\u015bcio\u0142\u00f3w stacyjnych jest katedra w Kwidzynie. Dzi\u015b w sobot\u0119 44 osoby razem&#8230;<\/p>\n","protected":false},"author":2,"featured_media":14478,"comment_status":"open","ping_status":"open","sticky":false,"template":"","format":"standard","meta":{"_tbt_post_transparent":"","_tbt_post_title":"","_tbt_post_layout":"","_tbt_post_sidebar_id":"","_tbt_post_content_style":"","_tbt_post_vertical_padding":"","_tbt_post_feature":"","_tbt_post_feature_position":"","_tbt_post_header":false,"_tbt_post_footer":false},"categories":[34],"tags":[],"class_list":["post-14477","post","type-post","status-publish","format-standard","has-post-thumbnail","hentry","category-aktualnosci"],"_links":{"self":[{"href":"https:\/\/swietyjerzy.elblag.pl\/index.php\/wp-json\/wp\/v2\/posts\/14477","targetHints":{"allow":["GET"]}}],"collection":[{"href":"https:\/\/swietyjerzy.elblag.pl\/index.php\/wp-json\/wp\/v2\/posts"}],"about":[{"href":"https:\/\/swietyjerzy.elblag.pl\/index.php\/wp-json\/wp\/v2\/types\/post"}],"author":[{"embeddable":true,"href":"https:\/\/swietyjerzy.elblag.pl\/index.php\/wp-json\/wp\/v2\/users\/2"}],"replies":[{"embeddable":true,"href":"https:\/\/swietyjerzy.elblag.pl\/index.php\/wp-json\/wp\/v2\/comments?post=14477"}],"version-history":[{"count":1,"href":"https:\/\/swietyjerzy.elblag.pl\/index.php\/wp-json\/wp\/v2\/posts\/14477\/revisions"}],"predecessor-version":[{"id":14479,"href":"https:\/\/swietyjerzy.elblag.pl\/index.php\/wp-json\/wp\/v2\/posts\/14477\/revisions\/14479"}],"wp:featuredmedia":[{"embeddable":true,"href":"https:\/\/swietyjerzy.elblag.pl\/index.php\/wp-json\/wp\/v2\/media\/14478"}],"wp:attachment":[{"href":"https:\/\/swietyjerzy.elblag.pl\/index.php\/wp-json\/wp\/v2\/media?parent=14477"}],"wp:term":[{"taxonomy":"category","embeddable":true,"href":"https:\/\/swietyjerzy.elblag.pl\/index.php\/wp-json\/wp\/v2\/categories?post=14477"},{"taxonomy":"post_tag","embeddable":true,"href":"https:\/\/swietyjerzy.elblag.pl\/index.php\/wp-json\/wp\/v2\/tags?post=14477"}],"curies":[{"name":"wp","href":"https:\/\/api.w.org\/{rel}","templated":true}]}}