{"id":14472,"date":"2025-06-18T14:39:05","date_gmt":"2025-06-18T14:39:05","guid":{"rendered":"https:\/\/swietyjerzy.elblag.pl\/?p=14472"},"modified":"2025-06-18T14:39:05","modified_gmt":"2025-06-18T14:39:05","slug":"boze-cialo-od-kuchni","status":"publish","type":"post","link":"https:\/\/swietyjerzy.elblag.pl\/index.php\/2025\/06\/18\/boze-cialo-od-kuchni\/","title":{"rendered":"BO\u017bE CIA\u0141O OD KUCHNI"},"content":{"rendered":"\n<p>Ju\u017c s\u0105, dwa nowe, sk\u0142adane o\u0142tarze na Bo\u017ce Cia\u0142o. Do przechowywania w du\u017cych, zgrabnych torbach. Kwiat\u00f3w, jak zawsze mamy du\u017co. Do tego grupa ludzi, kt\u00f3rzy to wszystko przetransportuj\u0105, posk\u0142adaj\u0105 i udekoruj\u0105. B\u00f3g zap\u0142a\u0107! Acha, brz\u00f3zki jednak b\u0119d\u0105.&nbsp;<\/p>\n","protected":false},"excerpt":{"rendered":"<p>Ju\u017c s\u0105, dwa nowe, sk\u0142adane o\u0142tarze na Bo\u017ce Cia\u0142o. Do przechowywania w du\u017cych, zgrabnych torbach. Kwiat\u00f3w, jak&#8230;<\/p>\n","protected":false},"author":2,"featured_media":14473,"comment_status":"open","ping_status":"open","sticky":false,"template":"","format":"standard","meta":{"_tbt_post_transparent":"","_tbt_post_title":"","_tbt_post_layout":"","_tbt_post_sidebar_id":"","_tbt_post_content_style":"","_tbt_post_vertical_padding":"","_tbt_post_feature":"","_tbt_post_feature_position":"","_tbt_post_header":false,"_tbt_post_footer":false},"categories":[34],"tags":[],"class_list":["post-14472","post","type-post","status-publish","format-standard","has-post-thumbnail","hentry","category-aktualnosci"],"_links":{"self":[{"href":"https:\/\/swietyjerzy.elblag.pl\/index.php\/wp-json\/wp\/v2\/posts\/14472","targetHints":{"allow":["GET"]}}],"collection":[{"href":"https:\/\/swietyjerzy.elblag.pl\/index.php\/wp-json\/wp\/v2\/posts"}],"about":[{"href":"https:\/\/swietyjerzy.elblag.pl\/index.php\/wp-json\/wp\/v2\/types\/post"}],"author":[{"embeddable":true,"href":"https:\/\/swietyjerzy.elblag.pl\/index.php\/wp-json\/wp\/v2\/users\/2"}],"replies":[{"embeddable":true,"href":"https:\/\/swietyjerzy.elblag.pl\/index.php\/wp-json\/wp\/v2\/comments?post=14472"}],"version-history":[{"count":1,"href":"https:\/\/swietyjerzy.elblag.pl\/index.php\/wp-json\/wp\/v2\/posts\/14472\/revisions"}],"predecessor-version":[{"id":14474,"href":"https:\/\/swietyjerzy.elblag.pl\/index.php\/wp-json\/wp\/v2\/posts\/14472\/revisions\/14474"}],"wp:featuredmedia":[{"embeddable":true,"href":"https:\/\/swietyjerzy.elblag.pl\/index.php\/wp-json\/wp\/v2\/media\/14473"}],"wp:attachment":[{"href":"https:\/\/swietyjerzy.elblag.pl\/index.php\/wp-json\/wp\/v2\/media?parent=14472"}],"wp:term":[{"taxonomy":"category","embeddable":true,"href":"https:\/\/swietyjerzy.elblag.pl\/index.php\/wp-json\/wp\/v2\/categories?post=14472"},{"taxonomy":"post_tag","embeddable":true,"href":"https:\/\/swietyjerzy.elblag.pl\/index.php\/wp-json\/wp\/v2\/tags?post=14472"}],"curies":[{"name":"wp","href":"https:\/\/api.w.org\/{rel}","templated":true}]}}